{"id":10563,"date":"2018-11-21T21:27:08","date_gmt":"2018-11-21T20:27:08","guid":{"rendered":"http:\/\/zskarlino.pl\/?p=10563"},"modified":"2018-11-27T21:33:04","modified_gmt":"2018-11-27T20:33:04","slug":"21-listopada-swiatowy-dzien-zyczliwosci","status":"publish","type":"post","link":"https:\/\/zskarlino.pl\/?p=10563","title":{"rendered":"21 listopada &#8211; \u015awiatowy Dzie\u0144 \u017byczliwo\u015bci"},"content":{"rendered":"<div class='fotorama--wp' data-ids='10564,10565,10566,10567,10568,10569'data-link='file'data-itemtag='dl'data-icontag='dt'data-captiontag='dd'data-columns='0'data-size='large'data-width='750'data-auto='false'data-max-width='100%'data-ratio='1.3321492007105'>\n\t\t<style type=\"text\/css\">\n\t\t\t#gallery-1 {\n\t\t\t\tmargin: auto;\n\t\t\t}\n\t\t\t#gallery-1 .gallery-item {\n\t\t\t\tfloat: left;\n\t\t\t\tmargin-top: 10px;\n\t\t\t\ttext-align: center;\n\t\t\t\twidth: 100%;\n\t\t\t}\n\t\t\t#gallery-1 img {\n\t\t\t\tborder: 2px solid #cfcfcf;\n\t\t\t}\n\t\t\t#gallery-1 .gallery-caption {\n\t\t\t\tmargin-left: 0;\n\t\t\t}\n\t\t\t\/* see gallery_shortcode() in wp-includes\/media.php *\/\n\t\t<\/style>\n\t\t<div id='gallery-1' class='gallery galleryid-10563 gallery-columns-0 gallery-size-thumbnail'><dl class='gallery-item'>\n\t\t\t<dt class='gallery-icon landscape'>\n\t\t\t\t<a href='https:\/\/zskarlino.pl\/wp-content\/uploads\/2018\/11\/46485927_335281117023607_2443332282522533888_n.jpg' data-full='https:\/\/zskarlino.pl\/wp-content\/uploads\/2018\/11\/46485927_335281117023607_2443332282522533888_n.jpg' rel=\"lightbox[10563]\"><img loading=\"lazy\" decoding=\"async\" width=\"150\" height=\"150\" src=\"https:\/\/zskarlino.pl\/wp-content\/uploads\/2018\/11\/46485927_335281117023607_2443332282522533888_n-150x150.jpg\" class=\"attachment-thumbnail size-thumbnail\" alt=\"\" \/><\/a>\n\t\t\t<\/dt><\/dl><dl class='gallery-item'>\n\t\t\t<dt class='gallery-icon landscape'>\n\t\t\t\t<a href='https:\/\/zskarlino.pl\/wp-content\/uploads\/2018\/11\/46494621_1122813937929133_7350685275535704064_n.jpg' data-full='https:\/\/zskarlino.pl\/wp-content\/uploads\/2018\/11\/46494621_1122813937929133_7350685275535704064_n.jpg' rel=\"lightbox[10563]\"><img loading=\"lazy\" decoding=\"async\" width=\"150\" height=\"150\" src=\"https:\/\/zskarlino.pl\/wp-content\/uploads\/2018\/11\/46494621_1122813937929133_7350685275535704064_n-150x150.jpg\" class=\"attachment-thumbnail size-thumbnail\" alt=\"\" \/><\/a>\n\t\t\t<\/dt><\/dl><dl class='gallery-item'>\n\t\t\t<dt class='gallery-icon landscape'>\n\t\t\t\t<a href='https:\/\/zskarlino.pl\/wp-content\/uploads\/2018\/11\/46495056_254237665256039_2130945056087998464_n.jpg' data-full='https:\/\/zskarlino.pl\/wp-content\/uploads\/2018\/11\/46495056_254237665256039_2130945056087998464_n.jpg' rel=\"lightbox[10563]\"><img loading=\"lazy\" decoding=\"async\" width=\"150\" height=\"150\" src=\"https:\/\/zskarlino.pl\/wp-content\/uploads\/2018\/11\/46495056_254237665256039_2130945056087998464_n-150x150.jpg\" class=\"attachment-thumbnail size-thumbnail\" alt=\"\" \/><\/a>\n\t\t\t<\/dt><\/dl><dl class='gallery-item'>\n\t\t\t<dt class='gallery-icon landscape'>\n\t\t\t\t<a href='https:\/\/zskarlino.pl\/wp-content\/uploads\/2018\/11\/46495424_736501963381790_8029850829169098752_n.jpg' data-full='https:\/\/zskarlino.pl\/wp-content\/uploads\/2018\/11\/46495424_736501963381790_8029850829169098752_n.jpg' rel=\"lightbox[10563]\"><img loading=\"lazy\" decoding=\"async\" width=\"150\" height=\"150\" src=\"https:\/\/zskarlino.pl\/wp-content\/uploads\/2018\/11\/46495424_736501963381790_8029850829169098752_n-150x150.jpg\" class=\"attachment-thumbnail size-thumbnail\" alt=\"\" \/><\/a>\n\t\t\t<\/dt><\/dl><dl class='gallery-item'>\n\t\t\t<dt class='gallery-icon landscape'>\n\t\t\t\t<a href='https:\/\/zskarlino.pl\/wp-content\/uploads\/2018\/11\/46513199_1441104576021600_2232221007697936384_n.jpg' data-full='https:\/\/zskarlino.pl\/wp-content\/uploads\/2018\/11\/46513199_1441104576021600_2232221007697936384_n.jpg' rel=\"lightbox[10563]\"><img loading=\"lazy\" decoding=\"async\" width=\"150\" height=\"150\" src=\"https:\/\/zskarlino.pl\/wp-content\/uploads\/2018\/11\/46513199_1441104576021600_2232221007697936384_n-150x150.jpg\" class=\"attachment-thumbnail size-thumbnail\" alt=\"\" \/><\/a>\n\t\t\t<\/dt><\/dl><dl class='gallery-item'>\n\t\t\t<dt class='gallery-icon landscape'>\n\t\t\t\t<a href='https:\/\/zskarlino.pl\/wp-content\/uploads\/2018\/11\/46663954_189348682006436_7310449699784228864_n.jpg' data-full='https:\/\/zskarlino.pl\/wp-content\/uploads\/2018\/11\/46663954_189348682006436_7310449699784228864_n.jpg' rel=\"lightbox[10563]\"><img loading=\"lazy\" decoding=\"async\" width=\"150\" height=\"150\" src=\"https:\/\/zskarlino.pl\/wp-content\/uploads\/2018\/11\/46663954_189348682006436_7310449699784228864_n-150x150.jpg\" class=\"attachment-thumbnail size-thumbnail\" alt=\"\" \/><\/a>\n\t\t\t<\/dt><\/dl>\n\t\t<\/div>\n<\/div>\n<p style=\"text-align: justify;\"><strong>21 listopada obchodzony jest jako \u015awiatowy Dzie\u0144 \u017byczliwo\u015bci, pozdrowie\u0144, dobrych uczynk\u00f3w i pozytywnych emocji.<\/strong><\/p>\n<p style=\"text-align: justify;\">Idea tego \u015bwi\u0119ta wywodzi si\u0119 ze Stan\u00f3w Zjednoczonych, kiedy to w 1973 roku dwaj bracia Brian i Michael McCormack postanowili zareagowa\u0107 na konflikt zbrojny mi\u0119dzy Egiptem a Izraelem. Chcieli pokaza\u0107 \u015bwiatu, \u017ce walka zbrojna szkodzi ludziom. G\u0142\u00f3wn\u0105 ide\u0105 Dnia \u017byczliwo\u015bci jest uzmys\u0142owienie i przypomnienie ludziom o tym, i\u017c wzajemna \u017cyczliwo\u015b\u0107 mo\u017ce sta\u0107 si\u0119 podstawa do budowania pokoju i pomy\u015blnych relacji mi\u0119dzy lud\u017ami na ca\u0142ym \u015bwiecie.<\/p>\n<p style=\"text-align: justify;\"><strong>Co mo\u017ce zrobi\u0107 ka\u017cdy z nas?<\/strong><\/p>\n<p style=\"text-align: justify;\">Wystarczy skierowa\u0107 do drugiego cz\u0142owieka u\u015bmiech, mi\u0142e s\u0142owo, ciep\u0142e spojrzenie. Pami\u0119tajmy, \u017ce pozytywna energia, kt\u00f3r\u0105 przekazujemy innym, wraca do nas z nawi\u0105zk\u0105. Naprawd\u0119 niewiele trzeba, by by\u0107 \u017cyczliwym dla drugiego cz\u0142owieka.<\/p>\n","protected":false},"excerpt":{"rendered":"<p>21 listopada obchodzony jest jako \u015awiatowy Dzie\u0144 \u017byczliwo\u015bci, pozdrowie\u0144, dobrych uczynk\u00f3w i pozytywnych emocji. Idea tego \u015bwi\u0119ta wywodzi si\u0119 ze Stan\u00f3w Zjednoczonych, kiedy to w 1973 roku dwaj bracia Brian i Michael McCormack postanowili zareagowa\u0107 na konflikt zbrojny mi\u0119dzy Egiptem a Izraelem. Chcieli pokaza\u0107 \u015bwiatu, \u017ce walka zbrojna szkodzi ludziom. G\u0142\u00f3wn\u0105 ide\u0105 Dnia \u017byczliwo\u015bci jest &hellip; <\/p>\n<p><a class=\"more-link btn\" href=\"https:\/\/zskarlino.pl\/?p=10563\">Czytaj dalej<\/a><\/p>\n","protected":false},"author":6,"featured_media":0,"comment_status":"closed","ping_status":"closed","sticky":false,"template":"","format":"standard","meta":{"footnotes":""},"categories":[3],"tags":[],"class_list":["post-10563","post","type-post","status-publish","format-standard","hentry","category-wydarzenia","item-wrap"],"_links":{"self":[{"href":"https:\/\/zskarlino.pl\/index.php?rest_route=\/wp\/v2\/posts\/10563","targetHints":{"allow":["GET"]}}],"collection":[{"href":"https:\/\/zskarlino.pl\/index.php?rest_route=\/wp\/v2\/posts"}],"about":[{"href":"https:\/\/zskarlino.pl\/index.php?rest_route=\/wp\/v2\/types\/post"}],"author":[{"embeddable":true,"href":"https:\/\/zskarlino.pl\/index.php?rest_route=\/wp\/v2\/users\/6"}],"replies":[{"embeddable":true,"href":"https:\/\/zskarlino.pl\/index.php?rest_route=%2Fwp%2Fv2%2Fcomments&post=10563"}],"version-history":[{"count":1,"href":"https:\/\/zskarlino.pl\/index.php?rest_route=\/wp\/v2\/posts\/10563\/revisions"}],"predecessor-version":[{"id":10570,"href":"https:\/\/zskarlino.pl\/index.php?rest_route=\/wp\/v2\/posts\/10563\/revisions\/10570"}],"wp:attachment":[{"href":"https:\/\/zskarlino.pl\/index.php?rest_route=%2Fwp%2Fv2%2Fmedia&parent=10563"}],"wp:term":[{"taxonomy":"category","embeddable":true,"href":"https:\/\/zskarlino.pl\/index.php?rest_route=%2Fwp%2Fv2%2Fcategories&post=10563"},{"taxonomy":"post_tag","embeddable":true,"href":"https:\/\/zskarlino.pl\/index.php?rest_route=%2Fwp%2Fv2%2Ftags&post=10563"}],"curies":[{"name":"wp","href":"https:\/\/api.w.org\/{rel}","templated":true}]}}