{"id":10476,"date":"2018-10-06T20:15:02","date_gmt":"2018-10-06T18:15:02","guid":{"rendered":"http:\/\/zskarlino.pl\/?p=10476"},"modified":"2018-10-07T18:29:00","modified_gmt":"2018-10-07T16:29:00","slug":"licealiada-2","status":"publish","type":"post","link":"https:\/\/zskarlino.pl\/?p=10476","title":{"rendered":"Licealiada"},"content":{"rendered":"<p>Dnia 03.10.2018r. odby\u0142y si\u0119 Mistrzostwa Powiatu Szk\u00f3\u0142 Ponadgimnazjalnych w pi\u0142ce no\u017cnej &#8211; Licealiada. W kategorii dziewcz\u0105t i ch\u0142opc\u00f3w startowa\u0142y dru\u017cyny: ZSP w Tychowie, ZSP w Bia\u0142ogardzie,Szko\u0142y Sukces i ZS w Karlinie. W\u015br\u00f3d dziewcz\u0105t wygra\u0142a szko\u0142a w Karlinie przed Sukcesem Bia\u0142ogard, w\u015br\u00f3d ch\u0142opc\u00f3w zwyci\u0119\u017cyli ch\u0142opcy z ZS Karlino przed ZSP w Bia\u0142ogardzie.<\/p>\n<p style=\"text-align: right;\">Maryla Sochacka<\/p>\n<p style=\"text-align: center;\"><a href=\"http:\/\/zskarlino.pl\/wp-content\/uploads\/2018\/10\/IMG_20181003_122300.jpg\" rel=\"lightbox[10476]\"><img loading=\"lazy\" decoding=\"async\" class=\"alignnone size-medium wp-image-10477\" src=\"http:\/\/zskarlino.pl\/wp-content\/uploads\/2018\/10\/IMG_20181003_122300-300x225.jpg\" alt=\"IMG_20181003_122300\" width=\"300\" height=\"225\" srcset=\"https:\/\/zskarlino.pl\/wp-content\/uploads\/2018\/10\/IMG_20181003_122300-300x225.jpg 300w, https:\/\/zskarlino.pl\/wp-content\/uploads\/2018\/10\/IMG_20181003_122300-1024x768.jpg 1024w\" sizes=\"auto, (max-width: 300px) 100vw, 300px\" \/><\/a><\/p>\n","protected":false},"excerpt":{"rendered":"<p>Dnia 03.10.2018r. odby\u0142y si\u0119 Mistrzostwa Powiatu Szk\u00f3\u0142 Ponadgimnazjalnych w pi\u0142ce no\u017cnej &#8211; Licealiada. W kategorii dziewcz\u0105t i ch\u0142opc\u00f3w startowa\u0142y dru\u017cyny: ZSP w Tychowie, ZSP w Bia\u0142ogardzie,Szko\u0142y Sukces i ZS w Karlinie. W\u015br\u00f3d dziewcz\u0105t wygra\u0142a szko\u0142a w Karlinie przed Sukcesem Bia\u0142ogard, w\u015br\u00f3d ch\u0142opc\u00f3w zwyci\u0119\u017cyli ch\u0142opcy z ZS Karlino przed ZSP w Bia\u0142ogardzie. Maryla Sochacka<\/p>\n","protected":false},"author":8,"featured_media":0,"comment_status":"closed","ping_status":"closed","sticky":false,"template":"","format":"standard","meta":{"footnotes":""},"categories":[3],"tags":[],"class_list":["post-10476","post","type-post","status-publish","format-standard","hentry","category-wydarzenia","item-wrap"],"_links":{"self":[{"href":"https:\/\/zskarlino.pl\/index.php?rest_route=\/wp\/v2\/posts\/10476","targetHints":{"allow":["GET"]}}],"collection":[{"href":"https:\/\/zskarlino.pl\/index.php?rest_route=\/wp\/v2\/posts"}],"about":[{"href":"https:\/\/zskarlino.pl\/index.php?rest_route=\/wp\/v2\/types\/post"}],"author":[{"embeddable":true,"href":"https:\/\/zskarlino.pl\/index.php?rest_route=\/wp\/v2\/users\/8"}],"replies":[{"embeddable":true,"href":"https:\/\/zskarlino.pl\/index.php?rest_route=%2Fwp%2Fv2%2Fcomments&post=10476"}],"version-history":[{"count":2,"href":"https:\/\/zskarlino.pl\/index.php?rest_route=\/wp\/v2\/posts\/10476\/revisions"}],"predecessor-version":[{"id":10480,"href":"https:\/\/zskarlino.pl\/index.php?rest_route=\/wp\/v2\/posts\/10476\/revisions\/10480"}],"wp:attachment":[{"href":"https:\/\/zskarlino.pl\/index.php?rest_route=%2Fwp%2Fv2%2Fmedia&parent=10476"}],"wp:term":[{"taxonomy":"category","embeddable":true,"href":"https:\/\/zskarlino.pl\/index.php?rest_route=%2Fwp%2Fv2%2Fcategories&post=10476"},{"taxonomy":"post_tag","embeddable":true,"href":"https:\/\/zskarlino.pl\/index.php?rest_route=%2Fwp%2Fv2%2Ftags&post=10476"}],"curies":[{"name":"wp","href":"https:\/\/api.w.org\/{rel}","templated":true}]}}