{"id":10460,"date":"2018-09-28T12:57:52","date_gmt":"2018-09-28T10:57:52","guid":{"rendered":"http:\/\/zskarlino.pl\/?p=10460"},"modified":"2018-10-01T13:13:47","modified_gmt":"2018-10-01T11:13:47","slug":"dni-otwarte-inkubatora-technologicznego","status":"publish","type":"post","link":"https:\/\/zskarlino.pl\/?p=10460","title":{"rendered":"Dni Otwarte Inkubatora Technologicznego"},"content":{"rendered":"<p>W \u015brod\u0119 26.09.2018r. uczniowie szk\u00f3\u0142 ponadgimnazjalnych Zespo\u0142u Szk\u00f3\u0142 mieli przyjemno\u015b\u0107, w ramach lekcji podstaw przedsi\u0119biorczo\u015bci, sp\u0119dzi\u0107 po\u017cytecznie czas w Inkubatorze Technologicznym w Bia\u0142ogardzie.<\/p>\n<p>Jak co roku Stowarzyszenie Inicjatyw Spo\u0142eczno-Gospodarczych w Bia\u0142ogardzie\u00a0zaprosi\u0142o naszych uczni\u00f3w,\u00a0aby zapozna\u0107 ze struktur\u0105 organizacji i przybli\u017cy\u0107 realizowany przez SISG\u00a0\u00a0&#8222;Model Wsparcia Przedsi\u0119biorczo\u015bci.&#8221;<\/p>\n<p>M\u0142odzie\u017c wzi\u0119\u0142a udzia\u0142 w wyk\u0142adzie: &#8222;Regionalny rynek pracy i perspektywy jego rozwoju&#8221;\u00a0oraz zwiedzi\u0142a wybrane firmy, mieszcz\u0105ce si\u0119 w Inkubatorze. Dodatkow\u0105 atrakcj\u0105 by\u0142 czas sp\u0119dzony na strzelnicy LOK.<\/p>\n<p>Dzi\u0119kujemy za zaproszenie i liczymy na dalsz\u0105, owocn\u0105 wsp\u00f3\u0142prac\u0119.<\/p>\n<div class='fotorama--wp' data-ids='10461,10462,10463,10464,10465,10466,10468,10469,10471'data-link='file'data-itemtag='dl'data-icontag='dt'data-captiontag='dd'data-columns='0'data-size='large'data-width='750'data-auto='false'data-max-width='100%'data-ratio='1.5'>\n\t\t<style type=\"text\/css\">\n\t\t\t#gallery-1 {\n\t\t\t\tmargin: auto;\n\t\t\t}\n\t\t\t#gallery-1 .gallery-item {\n\t\t\t\tfloat: left;\n\t\t\t\tmargin-top: 10px;\n\t\t\t\ttext-align: center;\n\t\t\t\twidth: 100%;\n\t\t\t}\n\t\t\t#gallery-1 img {\n\t\t\t\tborder: 2px solid #cfcfcf;\n\t\t\t}\n\t\t\t#gallery-1 .gallery-caption {\n\t\t\t\tmargin-left: 0;\n\t\t\t}\n\t\t\t\/* see gallery_shortcode() in wp-includes\/media.php *\/\n\t\t<\/style>\n\t\t<div id='gallery-1' class='gallery galleryid-10460 gallery-columns-0 gallery-size-thumbnail'><dl class='gallery-item'>\n\t\t\t<dt class='gallery-icon landscape'>\n\t\t\t\t<a href='https:\/\/zskarlino.pl\/wp-content\/uploads\/2018\/10\/ZS1_0094-1024x683.jpg' data-full='https:\/\/zskarlino.pl\/wp-content\/uploads\/2018\/10\/ZS1_0094.jpg' rel=\"lightbox[10460]\"><img loading=\"lazy\" decoding=\"async\" width=\"150\" height=\"150\" src=\"https:\/\/zskarlino.pl\/wp-content\/uploads\/2018\/10\/ZS1_0094-150x150.jpg\" class=\"attachment-thumbnail size-thumbnail\" alt=\"\" \/><\/a>\n\t\t\t<\/dt><\/dl><dl class='gallery-item'>\n\t\t\t<dt class='gallery-icon landscape'>\n\t\t\t\t<a href='https:\/\/zskarlino.pl\/wp-content\/uploads\/2018\/10\/ZS1_0095-1024x683.jpg' data-full='https:\/\/zskarlino.pl\/wp-content\/uploads\/2018\/10\/ZS1_0095.jpg' rel=\"lightbox[10460]\"><img loading=\"lazy\" decoding=\"async\" width=\"150\" height=\"150\" src=\"https:\/\/zskarlino.pl\/wp-content\/uploads\/2018\/10\/ZS1_0095-150x150.jpg\" class=\"attachment-thumbnail size-thumbnail\" alt=\"\" \/><\/a>\n\t\t\t<\/dt><\/dl><dl class='gallery-item'>\n\t\t\t<dt class='gallery-icon landscape'>\n\t\t\t\t<a href='https:\/\/zskarlino.pl\/wp-content\/uploads\/2018\/10\/ZS1_0097-1024x683.jpg' data-full='https:\/\/zskarlino.pl\/wp-content\/uploads\/2018\/10\/ZS1_0097.jpg' rel=\"lightbox[10460]\"><img loading=\"lazy\" decoding=\"async\" width=\"150\" height=\"150\" src=\"https:\/\/zskarlino.pl\/wp-content\/uploads\/2018\/10\/ZS1_0097-150x150.jpg\" class=\"attachment-thumbnail size-thumbnail\" alt=\"\" \/><\/a>\n\t\t\t<\/dt><\/dl><dl class='gallery-item'>\n\t\t\t<dt class='gallery-icon landscape'>\n\t\t\t\t<a href='https:\/\/zskarlino.pl\/wp-content\/uploads\/2018\/10\/ZS1_0099-1024x683.jpg' data-full='https:\/\/zskarlino.pl\/wp-content\/uploads\/2018\/10\/ZS1_0099.jpg' rel=\"lightbox[10460]\"><img loading=\"lazy\" decoding=\"async\" width=\"150\" height=\"150\" src=\"https:\/\/zskarlino.pl\/wp-content\/uploads\/2018\/10\/ZS1_0099-150x150.jpg\" class=\"attachment-thumbnail size-thumbnail\" alt=\"\" \/><\/a>\n\t\t\t<\/dt><\/dl><dl class='gallery-item'>\n\t\t\t<dt class='gallery-icon landscape'>\n\t\t\t\t<a href='https:\/\/zskarlino.pl\/wp-content\/uploads\/2018\/10\/ZS1_0102-1024x683.jpg' data-full='https:\/\/zskarlino.pl\/wp-content\/uploads\/2018\/10\/ZS1_0102.jpg' rel=\"lightbox[10460]\"><img loading=\"lazy\" decoding=\"async\" width=\"150\" height=\"150\" src=\"https:\/\/zskarlino.pl\/wp-content\/uploads\/2018\/10\/ZS1_0102-150x150.jpg\" class=\"attachment-thumbnail size-thumbnail\" alt=\"\" \/><\/a>\n\t\t\t<\/dt><\/dl><dl class='gallery-item'>\n\t\t\t<dt class='gallery-icon landscape'>\n\t\t\t\t<a href='https:\/\/zskarlino.pl\/wp-content\/uploads\/2018\/10\/ZS1_0107-1024x683.jpg' data-full='https:\/\/zskarlino.pl\/wp-content\/uploads\/2018\/10\/ZS1_0107.jpg' rel=\"lightbox[10460]\"><img loading=\"lazy\" decoding=\"async\" width=\"150\" height=\"150\" src=\"https:\/\/zskarlino.pl\/wp-content\/uploads\/2018\/10\/ZS1_0107-150x150.jpg\" class=\"attachment-thumbnail size-thumbnail\" alt=\"\" \/><\/a>\n\t\t\t<\/dt><\/dl><dl class='gallery-item'>\n\t\t\t<dt class='gallery-icon landscape'>\n\t\t\t\t<a href='https:\/\/zskarlino.pl\/wp-content\/uploads\/2018\/10\/ZS1_0119-1024x683.jpg' data-full='https:\/\/zskarlino.pl\/wp-content\/uploads\/2018\/10\/ZS1_0119.jpg' rel=\"lightbox[10460]\"><img loading=\"lazy\" decoding=\"async\" width=\"150\" height=\"150\" src=\"https:\/\/zskarlino.pl\/wp-content\/uploads\/2018\/10\/ZS1_0119-150x150.jpg\" class=\"attachment-thumbnail size-thumbnail\" alt=\"\" \/><\/a>\n\t\t\t<\/dt><\/dl><dl class='gallery-item'>\n\t\t\t<dt class='gallery-icon landscape'>\n\t\t\t\t<a href='https:\/\/zskarlino.pl\/wp-content\/uploads\/2018\/10\/ZS1_0122-1024x683.jpg' data-full='https:\/\/zskarlino.pl\/wp-content\/uploads\/2018\/10\/ZS1_0122.jpg' rel=\"lightbox[10460]\"><img loading=\"lazy\" decoding=\"async\" width=\"150\" height=\"150\" src=\"https:\/\/zskarlino.pl\/wp-content\/uploads\/2018\/10\/ZS1_0122-150x150.jpg\" class=\"attachment-thumbnail size-thumbnail\" alt=\"\" \/><\/a>\n\t\t\t<\/dt><\/dl><dl class='gallery-item'>\n\t\t\t<dt class='gallery-icon landscape'>\n\t\t\t\t<a href='https:\/\/zskarlino.pl\/wp-content\/uploads\/2018\/10\/ZS1_0129-1024x683.jpg' data-full='https:\/\/zskarlino.pl\/wp-content\/uploads\/2018\/10\/ZS1_0129.jpg' rel=\"lightbox[10460]\"><img loading=\"lazy\" decoding=\"async\" width=\"150\" height=\"150\" src=\"https:\/\/zskarlino.pl\/wp-content\/uploads\/2018\/10\/ZS1_0129-150x150.jpg\" class=\"attachment-thumbnail size-thumbnail\" alt=\"\" \/><\/a>\n\t\t\t<\/dt><\/dl>\n\t\t<\/div>\n<\/div>\n<p>&nbsp;<\/p>\n","protected":false},"excerpt":{"rendered":"<p>W \u015brod\u0119 26.09.2018r. uczniowie szk\u00f3\u0142 ponadgimnazjalnych Zespo\u0142u Szk\u00f3\u0142 mieli przyjemno\u015b\u0107, w ramach lekcji podstaw przedsi\u0119biorczo\u015bci, sp\u0119dzi\u0107 po\u017cytecznie czas w Inkubatorze Technologicznym w Bia\u0142ogardzie. Jak co roku Stowarzyszenie Inicjatyw Spo\u0142eczno-Gospodarczych w Bia\u0142ogardzie\u00a0zaprosi\u0142o naszych uczni\u00f3w,\u00a0aby zapozna\u0107 ze struktur\u0105 organizacji i przybli\u017cy\u0107 realizowany przez SISG\u00a0\u00a0&#8222;Model Wsparcia Przedsi\u0119biorczo\u015bci.&#8221; M\u0142odzie\u017c wzi\u0119\u0142a udzia\u0142 w wyk\u0142adzie: &#8222;Regionalny rynek pracy i perspektywy jego &hellip; <\/p>\n<p><a class=\"more-link btn\" href=\"https:\/\/zskarlino.pl\/?p=10460\">Czytaj dalej<\/a><\/p>\n","protected":false},"author":8,"featured_media":0,"comment_status":"closed","ping_status":"closed","sticky":false,"template":"","format":"standard","meta":{"footnotes":""},"categories":[3],"tags":[],"class_list":["post-10460","post","type-post","status-publish","format-standard","hentry","category-wydarzenia","item-wrap"],"_links":{"self":[{"href":"https:\/\/zskarlino.pl\/index.php?rest_route=\/wp\/v2\/posts\/10460","targetHints":{"allow":["GET"]}}],"collection":[{"href":"https:\/\/zskarlino.pl\/index.php?rest_route=\/wp\/v2\/posts"}],"about":[{"href":"https:\/\/zskarlino.pl\/index.php?rest_route=\/wp\/v2\/types\/post"}],"author":[{"embeddable":true,"href":"https:\/\/zskarlino.pl\/index.php?rest_route=\/wp\/v2\/users\/8"}],"replies":[{"embeddable":true,"href":"https:\/\/zskarlino.pl\/index.php?rest_route=%2Fwp%2Fv2%2Fcomments&post=10460"}],"version-history":[{"count":1,"href":"https:\/\/zskarlino.pl\/index.php?rest_route=\/wp\/v2\/posts\/10460\/revisions"}],"predecessor-version":[{"id":10472,"href":"https:\/\/zskarlino.pl\/index.php?rest_route=\/wp\/v2\/posts\/10460\/revisions\/10472"}],"wp:attachment":[{"href":"https:\/\/zskarlino.pl\/index.php?rest_route=%2Fwp%2Fv2%2Fmedia&parent=10460"}],"wp:term":[{"taxonomy":"category","embeddable":true,"href":"https:\/\/zskarlino.pl\/index.php?rest_route=%2Fwp%2Fv2%2Fcategories&post=10460"},{"taxonomy":"post_tag","embeddable":true,"href":"https:\/\/zskarlino.pl\/index.php?rest_route=%2Fwp%2Fv2%2Ftags&post=10460"}],"curies":[{"name":"wp","href":"https:\/\/api.w.org\/{rel}","templated":true}]}}