{"id":10449,"date":"2018-09-28T13:23:16","date_gmt":"2018-09-28T11:23:16","guid":{"rendered":"http:\/\/zskarlino.pl\/?p=10449"},"modified":"2018-10-08T08:15:36","modified_gmt":"2018-10-08T06:15:36","slug":"czy-slowem-mozna-zranic","status":"publish","type":"post","link":"https:\/\/zskarlino.pl\/?p=10449","title":{"rendered":"\u201eCzy s\u0142owem mo\u017cna zrani\u0107?\u201d"},"content":{"rendered":"<p style=\"text-align: justify;\"><strong>28.09.2018 r.\u00a0<\/strong>odby\u0142o si\u0119\u00a0spotkanie m\u0142odzie\u017cy Zespo\u0142u Szk\u00f3\u0142 z artystami: Jackiem i Micha\u0142em Musiatowicz poprowadzone<br \/>\nw formie s\u0142owno-muzycznej. W du\u017cej cz\u0119\u015bci\u00a0odnosi\u0142o si\u0119 do konsekwencji z\u0142ych decyzji podejmowanych przez m\u0142odych ludzi oraz zgubnych skutk\u00f3w uzale\u017cnie\u0144 od substancji psychoaktywnych (alkohol, dopalacze, narkotyki). Porusza\u0142o kwestie poczucia w\u0142asnej warto\u015bci, anga\u017cowania si\u0119 w swoje zainteresowania i pasje, a tak\u017ce szacunku do rodzic\u00f3w i do siebie samych. Odwo\u0142ywa\u0142o si\u0119 do warto\u015bci i s\u0142\u00f3w wielkich Polak\u00f3w: Jana Paw\u0142a II i ks. Jana Twardowskiego.<\/p>\n<p style=\"text-align: justify;\">M\u0142odzie\u017c wraz z gronem pedagogicznym by\u0142a pod wielkim wra\u017ceniem spotkania z go\u015b\u0107mi i dzi\u0119kuj\u0105c za wyj\u0105tkowe\u00a0chwile \u017cyczy dalszych sukces\u00f3w w \u201eotwieraniu serc\u201d.<\/p>\n<p style=\"text-align: justify;\">\u201eI tylko Ty mnie, s\u0142odki Bo\u017ce w opiece swojej zawsze mniej<\/p>\n<p style=\"text-align: justify;\">Kilka serc otworzy\u0142em by\u0107 mo\u017ce, by\u0107 mo\u017ce otworze jeszcze kilka serc\u2026\u201d<\/p>\n<p style=\"text-align: justify;\">Spotkanie sfinansowane zosta\u0142o ze \u015brodk\u00f3w Gminnego Programu Profilaktyki i Rozwi\u0105zywania Problem\u00f3w Alkoholowych oraz Przeciwdzia\u0142ania Narkomanii w Sali widowiskowej Karli\u0144skiego O\u015brodka Kultury.<\/p>\n<p style=\"text-align: justify;\"><strong>Poni\u017cej przedstawiamy sylwetki naszych go\u015bci:<\/strong><\/p>\n<p style=\"text-align: justify;\">Jacek Musiatowicz \u2013 laureat nagrody Prezydenta RP za wybitn\u0105 osobowo\u015b\u0107 tw\u00f3rcz\u0105 za 1997 r. Na rynku muzycznym<br \/>\nw Polsce istnieje ju\u017c od 15 lat. To poeta, piosenkarz, muzyk. Autor tekst\u00f3w do p\u0142yty min. Iwony W\u0119growskiej czy Patrycji Markowskiej.<\/p>\n<p style=\"text-align: justify;\">Micha\u0142 Musiatowicz \u2013\u00a0 niezwykle utalentowany m\u0142ody gitarzysta. Micha\u0142a znamy z 10. edycji programu \u201eMust Be The Music. Tylko Muzyka\u201d, podczas kt\u00f3rego zaprezentowa\u0142 sw\u00f3j talent gry na gitarze.<\/p>\n<p style=\"text-align: justify;\">Magdalena Mali\u0144ska<\/p>\n<p style=\"text-align: justify;\"><a href=\"http:\/\/zskarlino.pl\/wp-content\/uploads\/2018\/09\/1..jpg\" rel=\"lightbox[10449]\"><img loading=\"lazy\" decoding=\"async\" class=\"alignnone size-medium wp-image-10454\" src=\"http:\/\/zskarlino.pl\/wp-content\/uploads\/2018\/09\/1.-300x225.jpg\" alt=\"1.\" width=\"300\" height=\"225\" srcset=\"https:\/\/zskarlino.pl\/wp-content\/uploads\/2018\/09\/1.-300x225.jpg 300w, https:\/\/zskarlino.pl\/wp-content\/uploads\/2018\/09\/1.-1024x768.jpg 1024w\" sizes=\"auto, (max-width: 300px) 100vw, 300px\" \/><\/a> <a href=\"http:\/\/zskarlino.pl\/wp-content\/uploads\/2018\/09\/2..jpg\" rel=\"lightbox[10449]\"><img loading=\"lazy\" decoding=\"async\" class=\"alignnone size-medium wp-image-10455\" src=\"http:\/\/zskarlino.pl\/wp-content\/uploads\/2018\/09\/2.-300x225.jpg\" alt=\"2.\" width=\"300\" height=\"225\" srcset=\"https:\/\/zskarlino.pl\/wp-content\/uploads\/2018\/09\/2.-300x225.jpg 300w, https:\/\/zskarlino.pl\/wp-content\/uploads\/2018\/09\/2.-1024x768.jpg 1024w\" sizes=\"auto, (max-width: 300px) 100vw, 300px\" \/><\/a> <a href=\"http:\/\/zskarlino.pl\/wp-content\/uploads\/2018\/09\/3..jpg\" rel=\"lightbox[10449]\"><img loading=\"lazy\" decoding=\"async\" class=\"alignnone size-medium wp-image-10456\" src=\"http:\/\/zskarlino.pl\/wp-content\/uploads\/2018\/09\/3.-300x225.jpg\" alt=\"3.\" width=\"300\" height=\"225\" srcset=\"https:\/\/zskarlino.pl\/wp-content\/uploads\/2018\/09\/3.-300x225.jpg 300w, https:\/\/zskarlino.pl\/wp-content\/uploads\/2018\/09\/3.-1024x768.jpg 1024w\" sizes=\"auto, (max-width: 300px) 100vw, 300px\" \/><\/a>\u00a0<img loading=\"lazy\" decoding=\"async\" class=\"alignnone size-medium wp-image-10458\" src=\"http:\/\/zskarlino.pl\/wp-content\/uploads\/2018\/09\/4.1-300x225.jpg\" alt=\"4.\" width=\"300\" height=\"225\" srcset=\"https:\/\/zskarlino.pl\/wp-content\/uploads\/2018\/09\/4.1-300x225.jpg 300w, https:\/\/zskarlino.pl\/wp-content\/uploads\/2018\/09\/4.1-1024x768.jpg 1024w\" sizes=\"auto, (max-width: 300px) 100vw, 300px\" \/><\/p>\n","protected":false},"excerpt":{"rendered":"<p>28.09.2018 r.\u00a0odby\u0142o si\u0119\u00a0spotkanie m\u0142odzie\u017cy Zespo\u0142u Szk\u00f3\u0142 z artystami: Jackiem i Micha\u0142em Musiatowicz poprowadzone w formie s\u0142owno-muzycznej. W du\u017cej cz\u0119\u015bci\u00a0odnosi\u0142o si\u0119 do konsekwencji z\u0142ych decyzji podejmowanych przez m\u0142odych ludzi oraz zgubnych skutk\u00f3w uzale\u017cnie\u0144 od substancji psychoaktywnych (alkohol, dopalacze, narkotyki). Porusza\u0142o kwestie poczucia w\u0142asnej warto\u015bci, anga\u017cowania si\u0119 w swoje zainteresowania i pasje, a tak\u017ce szacunku do rodzic\u00f3w &hellip; <\/p>\n<p><a class=\"more-link btn\" href=\"https:\/\/zskarlino.pl\/?p=10449\">Czytaj dalej<\/a><\/p>\n","protected":false},"author":8,"featured_media":0,"comment_status":"closed","ping_status":"closed","sticky":false,"template":"","format":"standard","meta":{"footnotes":""},"categories":[3],"tags":[],"class_list":["post-10449","post","type-post","status-publish","format-standard","hentry","category-wydarzenia","item-wrap"],"_links":{"self":[{"href":"https:\/\/zskarlino.pl\/index.php?rest_route=\/wp\/v2\/posts\/10449","targetHints":{"allow":["GET"]}}],"collection":[{"href":"https:\/\/zskarlino.pl\/index.php?rest_route=\/wp\/v2\/posts"}],"about":[{"href":"https:\/\/zskarlino.pl\/index.php?rest_route=\/wp\/v2\/types\/post"}],"author":[{"embeddable":true,"href":"https:\/\/zskarlino.pl\/index.php?rest_route=\/wp\/v2\/users\/8"}],"replies":[{"embeddable":true,"href":"https:\/\/zskarlino.pl\/index.php?rest_route=%2Fwp%2Fv2%2Fcomments&post=10449"}],"version-history":[{"count":6,"href":"https:\/\/zskarlino.pl\/index.php?rest_route=\/wp\/v2\/posts\/10449\/revisions"}],"predecessor-version":[{"id":10481,"href":"https:\/\/zskarlino.pl\/index.php?rest_route=\/wp\/v2\/posts\/10449\/revisions\/10481"}],"wp:attachment":[{"href":"https:\/\/zskarlino.pl\/index.php?rest_route=%2Fwp%2Fv2%2Fmedia&parent=10449"}],"wp:term":[{"taxonomy":"category","embeddable":true,"href":"https:\/\/zskarlino.pl\/index.php?rest_route=%2Fwp%2Fv2%2Fcategories&post=10449"},{"taxonomy":"post_tag","embeddable":true,"href":"https:\/\/zskarlino.pl\/index.php?rest_route=%2Fwp%2Fv2%2Ftags&post=10449"}],"curies":[{"name":"wp","href":"https:\/\/api.w.org\/{rel}","templated":true}]}}