{"id":10440,"date":"2018-09-27T12:24:14","date_gmt":"2018-09-27T10:24:14","guid":{"rendered":"http:\/\/zskarlino.pl\/?p=10440"},"modified":"2018-09-27T12:24:14","modified_gmt":"2018-09-27T10:24:14","slug":"swiatowy-dzien-pierwszej-pomocy","status":"publish","type":"post","link":"https:\/\/zskarlino.pl\/?p=10440","title":{"rendered":"\u015awiatowy Dzie\u0144 Pierwszej Pomocy"},"content":{"rendered":"<p style=\"text-align: justify;\">26.09.2018 r. w ramach \u015awiatowego Dnia Pierwszej Pomocy go\u015bcili\u015bmy w Naszych progach wykwalifikowanych Ratownik\u00f3w Zachodniopomorskiego WOPR, kt\u00f3rzy realizuj\u0105c projekt \u201eZachodniopomorska Sie\u0107 Szk\u00f3\u0142 Promuj\u0105cych Zdrowie \u2013 Zielona Energia\u201d przeprowadzili dla naszych uczni\u00f3w warsztaty z wykorzystaniem nowoczesnych fantom\u00f3w \u0107wiczeniowych oraz defibrylatora AED. Projekt jest realizowany dzi\u0119ki wsparciu Urz\u0119du Marsza\u0142kowskiego Wojew\u00f3dztwa Zachodniopomorskiego, WOPR Wojew\u00f3dztwa Zachodniopomorskiego i Marsza\u0142ka Wojew\u00f3dztwa Zachodniopomorskiego. Naszymi go\u015b\u0107mi byli: Justyna Fabisiak, Martyna \u015aladowska, Kamil Darczak, Przemys\u0142aw Janusz, Mateusz Kirlejza oraz Tomasz Szulc.<\/p>\n<p style=\"text-align: justify;\">\u00a0Uczniowie mieli mo\u017cliwo\u015b\u0107 zmierzenia si\u0119 z zadaniami przygotowanymi przez instruktor\u00f3w na czterech stacjach tematycznych:<\/p>\n<ol style=\"text-align: justify;\">\n<li>Nauka pierwszej pomocy \u2013 elektroniczne manekiny<\/li>\n<li>Interaktywna gra \u201eFamiliada\u201d<\/li>\n<li>Zdrowy tryb \u017cycia<\/li>\n<li>ochrona \u015brodowiska<\/li>\n<\/ol>\n<p style=\"text-align: justify;\">Dzi\u0119ki sprawnie poprowadzonym warsztatom uczniowie nie tylko poszerzyli swoj\u0105 wiedz\u0119 zwi\u0105zan\u0105 z\u00a0ochron\u0105 powietrza, kreowaniem zdrowego, bezpiecznego i\u00a0przyjaznego \u015brodowiska oraz\u00a0promowaniem zdrowego stylu \u017cycia ale brali r\u00f3wnie\u017c czynny udzia\u0142 w\u00a0warsztatach z\u00a0udzielania pierwszej pomocy osobie poszkodowanej. Musieli wi\u0119c wykaza\u0107 si\u0119 nie tylko wiedz\u0105 i kreatywno\u015bci\u0105 ale tak\u017ce umiej\u0119tno\u015bciami i sprawno\u015bci\u0105 fizyczn\u0105.<\/p>\n<p style=\"text-align: justify;\">\u00a0Bardzo dzi\u0119kujemy Ratownikom Zachodniopomorskiego WOPR za ich zaanga\u017cowanie i profesjonalizm i liczymy na dalsz\u0105 owocn\u0105 wsp\u00f3\u0142prac\u0119.<\/p>\n<p><a href=\"http:\/\/zskarlino.pl\/wp-content\/uploads\/2018\/09\/IMG_6208.jpg\" rel=\"lightbox[10440]\"><img loading=\"lazy\" decoding=\"async\" class=\"alignnone size-medium wp-image-10441\" src=\"http:\/\/zskarlino.pl\/wp-content\/uploads\/2018\/09\/IMG_6208-300x225.jpg\" alt=\"IMG_6208\" width=\"300\" height=\"225\" srcset=\"https:\/\/zskarlino.pl\/wp-content\/uploads\/2018\/09\/IMG_6208-300x225.jpg 300w, https:\/\/zskarlino.pl\/wp-content\/uploads\/2018\/09\/IMG_6208-1024x768.jpg 1024w\" sizes=\"auto, (max-width: 300px) 100vw, 300px\" \/><\/a> <a href=\"http:\/\/zskarlino.pl\/wp-content\/uploads\/2018\/09\/IMG_6197.jpg\" rel=\"lightbox[10440]\"><img loading=\"lazy\" decoding=\"async\" class=\"alignnone size-medium wp-image-10442\" src=\"http:\/\/zskarlino.pl\/wp-content\/uploads\/2018\/09\/IMG_6197-300x225.jpg\" alt=\"IMG_6197\" width=\"300\" height=\"225\" srcset=\"https:\/\/zskarlino.pl\/wp-content\/uploads\/2018\/09\/IMG_6197-300x225.jpg 300w, https:\/\/zskarlino.pl\/wp-content\/uploads\/2018\/09\/IMG_6197-1024x768.jpg 1024w\" sizes=\"auto, (max-width: 300px) 100vw, 300px\" \/><\/a> <a href=\"http:\/\/zskarlino.pl\/wp-content\/uploads\/2018\/09\/IMG_6225.jpg\" rel=\"lightbox[10440]\"><img loading=\"lazy\" decoding=\"async\" class=\"alignnone size-medium wp-image-10443\" src=\"http:\/\/zskarlino.pl\/wp-content\/uploads\/2018\/09\/IMG_6225-300x225.jpg\" alt=\"IMG_6225\" width=\"300\" height=\"225\" srcset=\"https:\/\/zskarlino.pl\/wp-content\/uploads\/2018\/09\/IMG_6225-300x225.jpg 300w, https:\/\/zskarlino.pl\/wp-content\/uploads\/2018\/09\/IMG_6225-1024x768.jpg 1024w\" sizes=\"auto, (max-width: 300px) 100vw, 300px\" \/><\/a> <a href=\"http:\/\/zskarlino.pl\/wp-content\/uploads\/2018\/09\/578.jpg\" rel=\"lightbox[10440]\"><img loading=\"lazy\" decoding=\"async\" class=\"alignnone size-medium wp-image-10444\" src=\"http:\/\/zskarlino.pl\/wp-content\/uploads\/2018\/09\/578-300x225.jpg\" alt=\"578\" width=\"300\" height=\"225\" srcset=\"https:\/\/zskarlino.pl\/wp-content\/uploads\/2018\/09\/578-300x225.jpg 300w, https:\/\/zskarlino.pl\/wp-content\/uploads\/2018\/09\/578-1024x768.jpg 1024w\" sizes=\"auto, (max-width: 300px) 100vw, 300px\" \/><\/a> <a href=\"http:\/\/zskarlino.pl\/wp-content\/uploads\/2018\/09\/581.jpg\" rel=\"lightbox[10440]\"><img loading=\"lazy\" decoding=\"async\" class=\"alignnone size-medium wp-image-10445\" src=\"http:\/\/zskarlino.pl\/wp-content\/uploads\/2018\/09\/581-300x225.jpg\" alt=\"581\" width=\"300\" height=\"225\" srcset=\"https:\/\/zskarlino.pl\/wp-content\/uploads\/2018\/09\/581-300x225.jpg 300w, https:\/\/zskarlino.pl\/wp-content\/uploads\/2018\/09\/581-1024x768.jpg 1024w\" sizes=\"auto, (max-width: 300px) 100vw, 300px\" \/><\/a> <a href=\"http:\/\/zskarlino.pl\/wp-content\/uploads\/2018\/09\/IMG_6203.jpg\" rel=\"lightbox[10440]\"><img loading=\"lazy\" decoding=\"async\" class=\"alignnone size-medium wp-image-10446\" src=\"http:\/\/zskarlino.pl\/wp-content\/uploads\/2018\/09\/IMG_6203-300x225.jpg\" alt=\"IMG_6203\" width=\"300\" height=\"225\" srcset=\"https:\/\/zskarlino.pl\/wp-content\/uploads\/2018\/09\/IMG_6203-300x225.jpg 300w, https:\/\/zskarlino.pl\/wp-content\/uploads\/2018\/09\/IMG_6203-1024x768.jpg 1024w\" sizes=\"auto, (max-width: 300px) 100vw, 300px\" \/><\/a><\/p>\n","protected":false},"excerpt":{"rendered":"<p>26.09.2018 r. w ramach \u015awiatowego Dnia Pierwszej Pomocy go\u015bcili\u015bmy w Naszych progach wykwalifikowanych Ratownik\u00f3w Zachodniopomorskiego WOPR, kt\u00f3rzy realizuj\u0105c projekt \u201eZachodniopomorska Sie\u0107 Szk\u00f3\u0142 Promuj\u0105cych Zdrowie \u2013 Zielona Energia\u201d przeprowadzili dla naszych uczni\u00f3w warsztaty z wykorzystaniem nowoczesnych fantom\u00f3w \u0107wiczeniowych oraz defibrylatora AED. Projekt jest realizowany dzi\u0119ki wsparciu Urz\u0119du Marsza\u0142kowskiego Wojew\u00f3dztwa Zachodniopomorskiego, WOPR Wojew\u00f3dztwa Zachodniopomorskiego i Marsza\u0142ka Wojew\u00f3dztwa &hellip; <\/p>\n<p><a class=\"more-link btn\" href=\"https:\/\/zskarlino.pl\/?p=10440\">Czytaj dalej<\/a><\/p>\n","protected":false},"author":8,"featured_media":0,"comment_status":"closed","ping_status":"closed","sticky":false,"template":"","format":"standard","meta":{"footnotes":""},"categories":[3],"tags":[],"class_list":["post-10440","post","type-post","status-publish","format-standard","hentry","category-wydarzenia","item-wrap"],"_links":{"self":[{"href":"https:\/\/zskarlino.pl\/index.php?rest_route=\/wp\/v2\/posts\/10440","targetHints":{"allow":["GET"]}}],"collection":[{"href":"https:\/\/zskarlino.pl\/index.php?rest_route=\/wp\/v2\/posts"}],"about":[{"href":"https:\/\/zskarlino.pl\/index.php?rest_route=\/wp\/v2\/types\/post"}],"author":[{"embeddable":true,"href":"https:\/\/zskarlino.pl\/index.php?rest_route=\/wp\/v2\/users\/8"}],"replies":[{"embeddable":true,"href":"https:\/\/zskarlino.pl\/index.php?rest_route=%2Fwp%2Fv2%2Fcomments&post=10440"}],"version-history":[{"count":1,"href":"https:\/\/zskarlino.pl\/index.php?rest_route=\/wp\/v2\/posts\/10440\/revisions"}],"predecessor-version":[{"id":10447,"href":"https:\/\/zskarlino.pl\/index.php?rest_route=\/wp\/v2\/posts\/10440\/revisions\/10447"}],"wp:attachment":[{"href":"https:\/\/zskarlino.pl\/index.php?rest_route=%2Fwp%2Fv2%2Fmedia&parent=10440"}],"wp:term":[{"taxonomy":"category","embeddable":true,"href":"https:\/\/zskarlino.pl\/index.php?rest_route=%2Fwp%2Fv2%2Fcategories&post=10440"},{"taxonomy":"post_tag","embeddable":true,"href":"https:\/\/zskarlino.pl\/index.php?rest_route=%2Fwp%2Fv2%2Ftags&post=10440"}],"curies":[{"name":"wp","href":"https:\/\/api.w.org\/{rel}","templated":true}]}}