{"id":10393,"date":"2018-08-06T10:47:14","date_gmt":"2018-08-06T08:47:14","guid":{"rendered":"http:\/\/zskarlino.pl\/?p=10393"},"modified":"2018-08-06T10:48:09","modified_gmt":"2018-08-06T08:48:09","slug":"razem-w-zawodowa-przyszlosc-bis","status":"publish","type":"post","link":"https:\/\/zskarlino.pl\/?p=10393","title":{"rendered":"RAZEM W ZAWODOW\u0104 PRZYSZ\u0141O\u015a\u0106 &#8211; BIS!"},"content":{"rendered":"<p>Mi\u0142o nam poinformowa\u0107, \u017ce Gmina Karlino b\u0119dzie beneficjentem kolejnego projektu edukacyjnego, kt\u00f3ry powsta\u0142 dla poprawienia warunk\u00f3w nauki i dostosowania oferty do rynku pracy Zespo\u0142u Szk\u00f3\u0142 w Karlinie.<\/p>\n<p>Wkr\u00f3tce wi\u0119cej informacji!<\/p>\n<p><a href=\"http:\/\/zskarlino.pl\/wp-content\/uploads\/2018\/08\/Streszczenie-Razem-w-zawodow\u0105-przysz\u0142o\u015b\u0107-BIS.pdf\">Streszczenie Razem w zawodow\u0105 przysz\u0142o\u015b\u0107 BIS<\/a><\/p>\n","protected":false},"excerpt":{"rendered":"<p>Mi\u0142o nam poinformowa\u0107, \u017ce Gmina Karlino b\u0119dzie beneficjentem kolejnego projektu edukacyjnego, kt\u00f3ry powsta\u0142 dla poprawienia warunk\u00f3w nauki i dostosowania oferty do rynku pracy Zespo\u0142u Szk\u00f3\u0142 w Karlinie. Wkr\u00f3tce wi\u0119cej informacji! Streszczenie Razem w zawodow\u0105 przysz\u0142o\u015b\u0107 BIS<\/p>\n","protected":false},"author":8,"featured_media":0,"comment_status":"closed","ping_status":"closed","sticky":false,"template":"","format":"standard","meta":{"footnotes":""},"categories":[3],"tags":[],"class_list":["post-10393","post","type-post","status-publish","format-standard","hentry","category-wydarzenia","item-wrap"],"_links":{"self":[{"href":"https:\/\/zskarlino.pl\/index.php?rest_route=\/wp\/v2\/posts\/10393","targetHints":{"allow":["GET"]}}],"collection":[{"href":"https:\/\/zskarlino.pl\/index.php?rest_route=\/wp\/v2\/posts"}],"about":[{"href":"https:\/\/zskarlino.pl\/index.php?rest_route=\/wp\/v2\/types\/post"}],"author":[{"embeddable":true,"href":"https:\/\/zskarlino.pl\/index.php?rest_route=\/wp\/v2\/users\/8"}],"replies":[{"embeddable":true,"href":"https:\/\/zskarlino.pl\/index.php?rest_route=%2Fwp%2Fv2%2Fcomments&post=10393"}],"version-history":[{"count":2,"href":"https:\/\/zskarlino.pl\/index.php?rest_route=\/wp\/v2\/posts\/10393\/revisions"}],"predecessor-version":[{"id":10396,"href":"https:\/\/zskarlino.pl\/index.php?rest_route=\/wp\/v2\/posts\/10393\/revisions\/10396"}],"wp:attachment":[{"href":"https:\/\/zskarlino.pl\/index.php?rest_route=%2Fwp%2Fv2%2Fmedia&parent=10393"}],"wp:term":[{"taxonomy":"category","embeddable":true,"href":"https:\/\/zskarlino.pl\/index.php?rest_route=%2Fwp%2Fv2%2Fcategories&post=10393"},{"taxonomy":"post_tag","embeddable":true,"href":"https:\/\/zskarlino.pl\/index.php?rest_route=%2Fwp%2Fv2%2Ftags&post=10393"}],"curies":[{"name":"wp","href":"https:\/\/api.w.org\/{rel}","templated":true}]}}