{"id":10294,"date":"2018-06-12T19:33:34","date_gmt":"2018-06-12T17:33:34","guid":{"rendered":"http:\/\/zskarlino.pl\/?p=10294"},"modified":"2018-06-12T19:33:34","modified_gmt":"2018-06-12T17:33:34","slug":"sukces-w-jubileuszowym-50-regionalnym-turnieju-recytatorskim-ptaki-ptaszki-i-ptaszeta-polne","status":"publish","type":"post","link":"https:\/\/zskarlino.pl\/?p=10294","title":{"rendered":"Sukces w jubileuszowym 50. Regionalnym Turnieju Recytatorskim &#8222;Ptaki, ptaszki i ptasz\u0119ta polne&#8221;!"},"content":{"rendered":"<div class='fotorama--wp' data-link='file'data-size='large'data-ids='10295,10296,10297,10298'data-itemtag='dl'data-icontag='dt'data-captiontag='dd'data-columns='0'data-width='750'data-auto='false'data-max-width='100%'data-ratio='1.3321492007105'>\n\t\t<style type=\"text\/css\">\n\t\t\t#gallery-1 {\n\t\t\t\tmargin: auto;\n\t\t\t}\n\t\t\t#gallery-1 .gallery-item {\n\t\t\t\tfloat: left;\n\t\t\t\tmargin-top: 10px;\n\t\t\t\ttext-align: center;\n\t\t\t\twidth: 100%;\n\t\t\t}\n\t\t\t#gallery-1 img {\n\t\t\t\tborder: 2px solid #cfcfcf;\n\t\t\t}\n\t\t\t#gallery-1 .gallery-caption {\n\t\t\t\tmargin-left: 0;\n\t\t\t}\n\t\t\t\/* see gallery_shortcode() in wp-includes\/media.php *\/\n\t\t<\/style>\n\t\t<div id='gallery-1' class='gallery galleryid-10294 gallery-columns-0 gallery-size-thumbnail'><dl class='gallery-item'>\n\t\t\t<dt class='gallery-icon landscape'>\n\t\t\t\t<a href='https:\/\/zskarlino.pl\/wp-content\/uploads\/2018\/06\/Zdj\u0119cie-11.06.2018-12-25-50.jpg' data-full='https:\/\/zskarlino.pl\/wp-content\/uploads\/2018\/06\/Zdj\u0119cie-11.06.2018-12-25-50.jpg' rel=\"lightbox[10294]\"><img loading=\"lazy\" decoding=\"async\" width=\"150\" height=\"150\" src=\"https:\/\/zskarlino.pl\/wp-content\/uploads\/2018\/06\/Zdj\u0119cie-11.06.2018-12-25-50-150x150.jpg\" class=\"attachment-thumbnail size-thumbnail\" alt=\"\" \/><\/a>\n\t\t\t<\/dt><\/dl><dl class='gallery-item'>\n\t\t\t<dt class='gallery-icon landscape'>\n\t\t\t\t<a href='https:\/\/zskarlino.pl\/wp-content\/uploads\/2018\/06\/Zdj\u0119cie-11.06.2018-13-21-23-1.jpg' data-full='https:\/\/zskarlino.pl\/wp-content\/uploads\/2018\/06\/Zdj\u0119cie-11.06.2018-13-21-23-1.jpg' rel=\"lightbox[10294]\"><img loading=\"lazy\" decoding=\"async\" width=\"150\" height=\"150\" src=\"https:\/\/zskarlino.pl\/wp-content\/uploads\/2018\/06\/Zdj\u0119cie-11.06.2018-13-21-23-1-150x150.jpg\" class=\"attachment-thumbnail size-thumbnail\" alt=\"\" \/><\/a>\n\t\t\t<\/dt><\/dl><dl class='gallery-item'>\n\t\t\t<dt class='gallery-icon landscape'>\n\t\t\t\t<a href='https:\/\/zskarlino.pl\/wp-content\/uploads\/2018\/06\/Zdj\u0119cie-11.06.2018-13-22-59.jpg' data-full='https:\/\/zskarlino.pl\/wp-content\/uploads\/2018\/06\/Zdj\u0119cie-11.06.2018-13-22-59.jpg' rel=\"lightbox[10294]\"><img loading=\"lazy\" decoding=\"async\" width=\"150\" height=\"150\" src=\"https:\/\/zskarlino.pl\/wp-content\/uploads\/2018\/06\/Zdj\u0119cie-11.06.2018-13-22-59-150x150.jpg\" class=\"attachment-thumbnail size-thumbnail\" alt=\"\" \/><\/a>\n\t\t\t<\/dt><\/dl><dl class='gallery-item'>\n\t\t\t<dt class='gallery-icon portrait'>\n\t\t\t\t<a href='https:\/\/zskarlino.pl\/wp-content\/uploads\/2018\/06\/Zdj\u0119cie-11.06.2018-13-26-20-768x1024.jpg' data-full='https:\/\/zskarlino.pl\/wp-content\/uploads\/2018\/06\/Zdj\u0119cie-11.06.2018-13-26-20.jpg' rel=\"lightbox[10294]\"><img loading=\"lazy\" decoding=\"async\" width=\"150\" height=\"150\" src=\"https:\/\/zskarlino.pl\/wp-content\/uploads\/2018\/06\/Zdj\u0119cie-11.06.2018-13-26-20-150x150.jpg\" class=\"attachment-thumbnail size-thumbnail\" alt=\"\" \/><\/a>\n\t\t\t<\/dt><\/dl>\n\t\t<\/div>\n<\/div>\n<p style=\"text-align: justify;\">Jest nam niezmiernie mi\u0142o poinformowa\u0107 o niekwestionowanym sukcesie Mateusza So\u0142tysiaka. Nasz ucze\u0144 wczoraj uzyska\u0142 tytu\u0142 laureata w finale <strong>50. Regionalnego Turnieju Recytatorskiego &#8222;Ptaki, ptaszki i ptasz\u0119ta polne&#8221;<\/strong>. Jest to naprawd\u0119 ogromny sukces, poniewa\u017c dziedzina konkursowa jest naprawd\u0119 nie\u0142atwa. Recytacja poezji jet sztuk\u0105 trudn\u0105 i bardzo wymagaj\u0105c\u0105, poniewa\u017c wymaga nie tylko pami\u0119ciowego opanowania tekstu, ale tak\u017ce podj\u0119cie wysi\u0142k\u00f3w zwi\u0105zanych z odpowiedni\u0105 interpretacj\u0105 g\u0142osow\u0105 tekstu; \u017ceby z kolei interpretacja by\u0142a udana, konieczne jest pe\u0142ne zrozumienie tekstu. Mateusz wybra\u0142 tekst Tadeusza R\u00f3\u017cewicza &#8222;G\u0142osy niepotrzebnych ludzi&#8221; i jego recytacj\u0105 zdoby\u0142 serca publiczno\u015bci i uznanie jury.<\/p>\n<p style=\"text-align: justify;\">Do turnieju &#8211; i wszystkich jego etap\u00f3w (szkolnego, gminnego, powiatowego i do fina\u0142u) &#8211; Mateusz przygotowywa\u0142 si\u0119 pod kierunkiem pani Renaty Jagu\u015bcik-Rudnickiej<\/p>\n<p style=\"text-align: justify;\">Sk\u0142adamy serdeczne gratulacje Mateuszowi!<\/p>\n","protected":false},"excerpt":{"rendered":"<p>Jest nam niezmiernie mi\u0142o poinformowa\u0107 o niekwestionowanym sukcesie Mateusza So\u0142tysiaka. Nasz ucze\u0144 wczoraj uzyska\u0142 tytu\u0142 laureata w finale 50. Regionalnego Turnieju Recytatorskiego &#8222;Ptaki, ptaszki i ptasz\u0119ta polne&#8221;. Jest to naprawd\u0119 ogromny sukces, poniewa\u017c dziedzina konkursowa jest naprawd\u0119 nie\u0142atwa. Recytacja poezji jet sztuk\u0105 trudn\u0105 i bardzo wymagaj\u0105c\u0105, poniewa\u017c wymaga nie tylko pami\u0119ciowego opanowania tekstu, ale tak\u017ce &hellip; <\/p>\n<p><a class=\"more-link btn\" href=\"https:\/\/zskarlino.pl\/?p=10294\">Czytaj dalej<\/a><\/p>\n","protected":false},"author":6,"featured_media":0,"comment_status":"closed","ping_status":"closed","sticky":false,"template":"","format":"standard","meta":{"footnotes":""},"categories":[3],"tags":[],"class_list":["post-10294","post","type-post","status-publish","format-standard","hentry","category-wydarzenia","item-wrap"],"_links":{"self":[{"href":"https:\/\/zskarlino.pl\/index.php?rest_route=\/wp\/v2\/posts\/10294","targetHints":{"allow":["GET"]}}],"collection":[{"href":"https:\/\/zskarlino.pl\/index.php?rest_route=\/wp\/v2\/posts"}],"about":[{"href":"https:\/\/zskarlino.pl\/index.php?rest_route=\/wp\/v2\/types\/post"}],"author":[{"embeddable":true,"href":"https:\/\/zskarlino.pl\/index.php?rest_route=\/wp\/v2\/users\/6"}],"replies":[{"embeddable":true,"href":"https:\/\/zskarlino.pl\/index.php?rest_route=%2Fwp%2Fv2%2Fcomments&post=10294"}],"version-history":[{"count":1,"href":"https:\/\/zskarlino.pl\/index.php?rest_route=\/wp\/v2\/posts\/10294\/revisions"}],"predecessor-version":[{"id":10299,"href":"https:\/\/zskarlino.pl\/index.php?rest_route=\/wp\/v2\/posts\/10294\/revisions\/10299"}],"wp:attachment":[{"href":"https:\/\/zskarlino.pl\/index.php?rest_route=%2Fwp%2Fv2%2Fmedia&parent=10294"}],"wp:term":[{"taxonomy":"category","embeddable":true,"href":"https:\/\/zskarlino.pl\/index.php?rest_route=%2Fwp%2Fv2%2Fcategories&post=10294"},{"taxonomy":"post_tag","embeddable":true,"href":"https:\/\/zskarlino.pl\/index.php?rest_route=%2Fwp%2Fv2%2Ftags&post=10294"}],"curies":[{"name":"wp","href":"https:\/\/api.w.org\/{rel}","templated":true}]}}