{"id":10288,"date":"2018-06-12T19:06:51","date_gmt":"2018-06-12T17:06:51","guid":{"rendered":"http:\/\/zskarlino.pl\/?p=10288"},"modified":"2018-06-12T19:06:51","modified_gmt":"2018-06-12T17:06:51","slug":"sukces-w-finale-wojewodzkich-igrzysk-mlodziezy-szkolnej","status":"publish","type":"post","link":"https:\/\/zskarlino.pl\/?p=10288","title":{"rendered":"Sukces w Finale Wojew\u00f3dzkich Igrzysk M\u0142odzie\u017cy Szkolnej"},"content":{"rendered":"<div class='fotorama--wp' data-size='large'data-link='file'data-ids='10289,10290,10291,10292'data-itemtag='dl'data-icontag='dt'data-captiontag='dd'data-columns='0'data-width='750'data-auto='false'data-max-width='100%'data-ratio='1.3321492007105'>\n\t\t<style type=\"text\/css\">\n\t\t\t#gallery-1 {\n\t\t\t\tmargin: auto;\n\t\t\t}\n\t\t\t#gallery-1 .gallery-item {\n\t\t\t\tfloat: left;\n\t\t\t\tmargin-top: 10px;\n\t\t\t\ttext-align: center;\n\t\t\t\twidth: 100%;\n\t\t\t}\n\t\t\t#gallery-1 img {\n\t\t\t\tborder: 2px solid #cfcfcf;\n\t\t\t}\n\t\t\t#gallery-1 .gallery-caption {\n\t\t\t\tmargin-left: 0;\n\t\t\t}\n\t\t\t\/* see gallery_shortcode() in wp-includes\/media.php *\/\n\t\t<\/style>\n\t\t<div id='gallery-1' class='gallery galleryid-10288 gallery-columns-0 gallery-size-thumbnail'><dl class='gallery-item'>\n\t\t\t<dt class='gallery-icon landscape'>\n\t\t\t\t<a href='https:\/\/zskarlino.pl\/wp-content\/uploads\/2018\/06\/20180612_130134.jpg' data-full='https:\/\/zskarlino.pl\/wp-content\/uploads\/2018\/06\/20180612_130134.jpg' rel=\"lightbox[10288]\"><img loading=\"lazy\" decoding=\"async\" width=\"150\" height=\"150\" src=\"https:\/\/zskarlino.pl\/wp-content\/uploads\/2018\/06\/20180612_130134-150x150.jpg\" class=\"attachment-thumbnail size-thumbnail\" alt=\"\" \/><\/a>\n\t\t\t<\/dt><\/dl><dl class='gallery-item'>\n\t\t\t<dt class='gallery-icon landscape'>\n\t\t\t\t<a href='https:\/\/zskarlino.pl\/wp-content\/uploads\/2018\/06\/20180612_135652.jpg' data-full='https:\/\/zskarlino.pl\/wp-content\/uploads\/2018\/06\/20180612_135652.jpg' rel=\"lightbox[10288]\"><img loading=\"lazy\" decoding=\"async\" width=\"150\" height=\"150\" src=\"https:\/\/zskarlino.pl\/wp-content\/uploads\/2018\/06\/20180612_135652-150x150.jpg\" class=\"attachment-thumbnail size-thumbnail\" alt=\"\" \/><\/a>\n\t\t\t<\/dt><\/dl><dl class='gallery-item'>\n\t\t\t<dt class='gallery-icon landscape'>\n\t\t\t\t<a href='https:\/\/zskarlino.pl\/wp-content\/uploads\/2018\/06\/20180612_135706.jpg' data-full='https:\/\/zskarlino.pl\/wp-content\/uploads\/2018\/06\/20180612_135706.jpg' rel=\"lightbox[10288]\"><img loading=\"lazy\" decoding=\"async\" width=\"150\" height=\"150\" src=\"https:\/\/zskarlino.pl\/wp-content\/uploads\/2018\/06\/20180612_135706-150x150.jpg\" class=\"attachment-thumbnail size-thumbnail\" alt=\"\" \/><\/a>\n\t\t\t<\/dt><\/dl><dl class='gallery-item'>\n\t\t\t<dt class='gallery-icon landscape'>\n\t\t\t\t<a href='https:\/\/zskarlino.pl\/wp-content\/uploads\/2018\/06\/20180612_143415.jpg' data-full='https:\/\/zskarlino.pl\/wp-content\/uploads\/2018\/06\/20180612_143415.jpg' rel=\"lightbox[10288]\"><img loading=\"lazy\" decoding=\"async\" width=\"150\" height=\"150\" src=\"https:\/\/zskarlino.pl\/wp-content\/uploads\/2018\/06\/20180612_143415-150x150.jpg\" class=\"attachment-thumbnail size-thumbnail\" alt=\"\" \/><\/a>\n\t\t\t<\/dt><\/dl>\n\t\t<\/div>\n<\/div>\n<p style=\"text-align: justify;\">Dnia 12 czerwca 2018 roku odby\u0142y si\u0119 <strong>Fina\u0142 Wojew\u00f3dzkich Igrzysk M\u0142odzie\u017cy Szkolnej<\/strong> w Goleniowie. Reprezentacj\u0119 szko\u0142y tworzyli: Szymon Zajfert , Przemys\u0142aw Perkowski, Szymon Fabiszak i Adrian Szpiler. Najlepszy wynik (182 cm) uzyska\u0142 Adrian Szpiler, zdobywaj\u0105c z\u0142oty medal w wojew\u00f3dztwie w skoku wzwy\u017c i poprawiaj\u0105c rekord szko\u0142y .<\/p>\n<p style=\"text-align: center;\"><strong>GRATULACJE!<\/strong><\/p>\n","protected":false},"excerpt":{"rendered":"<p>Dnia 12 czerwca 2018 roku odby\u0142y si\u0119 Fina\u0142 Wojew\u00f3dzkich Igrzysk M\u0142odzie\u017cy Szkolnej w Goleniowie. Reprezentacj\u0119 szko\u0142y tworzyli: Szymon Zajfert , Przemys\u0142aw Perkowski, Szymon Fabiszak i Adrian Szpiler. Najlepszy wynik (182 cm) uzyska\u0142 Adrian Szpiler, zdobywaj\u0105c z\u0142oty medal w wojew\u00f3dztwie w skoku wzwy\u017c i poprawiaj\u0105c rekord szko\u0142y . GRATULACJE!<\/p>\n","protected":false},"author":6,"featured_media":0,"comment_status":"closed","ping_status":"closed","sticky":false,"template":"","format":"standard","meta":{"footnotes":""},"categories":[3],"tags":[],"class_list":["post-10288","post","type-post","status-publish","format-standard","hentry","category-wydarzenia","item-wrap"],"_links":{"self":[{"href":"https:\/\/zskarlino.pl\/index.php?rest_route=\/wp\/v2\/posts\/10288","targetHints":{"allow":["GET"]}}],"collection":[{"href":"https:\/\/zskarlino.pl\/index.php?rest_route=\/wp\/v2\/posts"}],"about":[{"href":"https:\/\/zskarlino.pl\/index.php?rest_route=\/wp\/v2\/types\/post"}],"author":[{"embeddable":true,"href":"https:\/\/zskarlino.pl\/index.php?rest_route=\/wp\/v2\/users\/6"}],"replies":[{"embeddable":true,"href":"https:\/\/zskarlino.pl\/index.php?rest_route=%2Fwp%2Fv2%2Fcomments&post=10288"}],"version-history":[{"count":1,"href":"https:\/\/zskarlino.pl\/index.php?rest_route=\/wp\/v2\/posts\/10288\/revisions"}],"predecessor-version":[{"id":10293,"href":"https:\/\/zskarlino.pl\/index.php?rest_route=\/wp\/v2\/posts\/10288\/revisions\/10293"}],"wp:attachment":[{"href":"https:\/\/zskarlino.pl\/index.php?rest_route=%2Fwp%2Fv2%2Fmedia&parent=10288"}],"wp:term":[{"taxonomy":"category","embeddable":true,"href":"https:\/\/zskarlino.pl\/index.php?rest_route=%2Fwp%2Fv2%2Fcategories&post=10288"},{"taxonomy":"post_tag","embeddable":true,"href":"https:\/\/zskarlino.pl\/index.php?rest_route=%2Fwp%2Fv2%2Ftags&post=10288"}],"curies":[{"name":"wp","href":"https:\/\/api.w.org\/{rel}","templated":true}]}}