{"id":10277,"date":"2018-06-12T19:01:31","date_gmt":"2018-06-12T17:01:31","guid":{"rendered":"http:\/\/zskarlino.pl\/?p=10277"},"modified":"2018-06-12T19:01:31","modified_gmt":"2018-06-12T17:01:31","slug":"forum-mlodych-europejczykow-z-naszym-udzialem","status":"publish","type":"post","link":"https:\/\/zskarlino.pl\/?p=10277","title":{"rendered":"Forum M\u0142odych Europejczyk\u00f3w\u2026 z naszym udzia\u0142em"},"content":{"rendered":"<div class='fotorama--wp' data-size='large'data-link='file'data-ids='10278,10279,10280,10281,10282,10283,10284,10285,10286'data-itemtag='dl'data-icontag='dt'data-captiontag='dd'data-columns='0'data-width='750'data-auto='false'data-max-width='100%'data-ratio='1.7772511848341'>\n\t\t<style type=\"text\/css\">\n\t\t\t#gallery-1 {\n\t\t\t\tmargin: auto;\n\t\t\t}\n\t\t\t#gallery-1 .gallery-item {\n\t\t\t\tfloat: left;\n\t\t\t\tmargin-top: 10px;\n\t\t\t\ttext-align: center;\n\t\t\t\twidth: 100%;\n\t\t\t}\n\t\t\t#gallery-1 img {\n\t\t\t\tborder: 2px solid #cfcfcf;\n\t\t\t}\n\t\t\t#gallery-1 .gallery-caption {\n\t\t\t\tmargin-left: 0;\n\t\t\t}\n\t\t\t\/* see gallery_shortcode() in wp-includes\/media.php *\/\n\t\t<\/style>\n\t\t<div id='gallery-1' class='gallery galleryid-10277 gallery-columns-0 gallery-size-thumbnail'><dl class='gallery-item'>\n\t\t\t<dt class='gallery-icon landscape'>\n\t\t\t\t<a href='https:\/\/zskarlino.pl\/wp-content\/uploads\/2018\/06\/IMG_20180608_200932.jpg' data-full='https:\/\/zskarlino.pl\/wp-content\/uploads\/2018\/06\/IMG_20180608_200932.jpg' rel=\"lightbox[10277]\"><img loading=\"lazy\" decoding=\"async\" width=\"150\" height=\"150\" src=\"https:\/\/zskarlino.pl\/wp-content\/uploads\/2018\/06\/IMG_20180608_200932-150x150.jpg\" class=\"attachment-thumbnail size-thumbnail\" alt=\"\" \/><\/a>\n\t\t\t<\/dt><\/dl><dl class='gallery-item'>\n\t\t\t<dt class='gallery-icon portrait'>\n\t\t\t\t<a href='https:\/\/zskarlino.pl\/wp-content\/uploads\/2018\/06\/IMG_20180608_200951-576x1024.jpg' data-full='https:\/\/zskarlino.pl\/wp-content\/uploads\/2018\/06\/IMG_20180608_200951.jpg' rel=\"lightbox[10277]\"><img loading=\"lazy\" decoding=\"async\" width=\"150\" height=\"150\" src=\"https:\/\/zskarlino.pl\/wp-content\/uploads\/2018\/06\/IMG_20180608_200951-150x150.jpg\" class=\"attachment-thumbnail size-thumbnail\" alt=\"\" \/><\/a>\n\t\t\t<\/dt><\/dl><dl class='gallery-item'>\n\t\t\t<dt class='gallery-icon landscape'>\n\t\t\t\t<a href='https:\/\/zskarlino.pl\/wp-content\/uploads\/2018\/06\/IMG_20180609_150037.jpg' data-full='https:\/\/zskarlino.pl\/wp-content\/uploads\/2018\/06\/IMG_20180609_150037.jpg' rel=\"lightbox[10277]\"><img loading=\"lazy\" decoding=\"async\" width=\"150\" height=\"150\" src=\"https:\/\/zskarlino.pl\/wp-content\/uploads\/2018\/06\/IMG_20180609_150037-150x150.jpg\" class=\"attachment-thumbnail size-thumbnail\" alt=\"\" \/><\/a>\n\t\t\t<\/dt><\/dl><dl class='gallery-item'>\n\t\t\t<dt class='gallery-icon landscape'>\n\t\t\t\t<a href='https:\/\/zskarlino.pl\/wp-content\/uploads\/2018\/06\/IMG_20180609_162642.jpg' data-full='https:\/\/zskarlino.pl\/wp-content\/uploads\/2018\/06\/IMG_20180609_162642.jpg' rel=\"lightbox[10277]\"><img loading=\"lazy\" decoding=\"async\" width=\"150\" height=\"150\" src=\"https:\/\/zskarlino.pl\/wp-content\/uploads\/2018\/06\/IMG_20180609_162642-150x150.jpg\" class=\"attachment-thumbnail size-thumbnail\" alt=\"\" \/><\/a>\n\t\t\t<\/dt><\/dl><dl class='gallery-item'>\n\t\t\t<dt class='gallery-icon landscape'>\n\t\t\t\t<a href='https:\/\/zskarlino.pl\/wp-content\/uploads\/2018\/06\/IMG_20180609_162933_01.jpg' data-full='https:\/\/zskarlino.pl\/wp-content\/uploads\/2018\/06\/IMG_20180609_162933_01.jpg' rel=\"lightbox[10277]\"><img loading=\"lazy\" decoding=\"async\" width=\"150\" height=\"150\" src=\"https:\/\/zskarlino.pl\/wp-content\/uploads\/2018\/06\/IMG_20180609_162933_01-150x150.jpg\" class=\"attachment-thumbnail size-thumbnail\" alt=\"\" \/><\/a>\n\t\t\t<\/dt><\/dl><dl class='gallery-item'>\n\t\t\t<dt class='gallery-icon landscape'>\n\t\t\t\t<a href='https:\/\/zskarlino.pl\/wp-content\/uploads\/2018\/06\/IMG_20180609_162937_01.jpg' data-full='https:\/\/zskarlino.pl\/wp-content\/uploads\/2018\/06\/IMG_20180609_162937_01.jpg' rel=\"lightbox[10277]\"><img loading=\"lazy\" decoding=\"async\" width=\"150\" height=\"150\" src=\"https:\/\/zskarlino.pl\/wp-content\/uploads\/2018\/06\/IMG_20180609_162937_01-150x150.jpg\" class=\"attachment-thumbnail size-thumbnail\" alt=\"\" \/><\/a>\n\t\t\t<\/dt><\/dl><dl class='gallery-item'>\n\t\t\t<dt class='gallery-icon landscape'>\n\t\t\t\t<a href='https:\/\/zskarlino.pl\/wp-content\/uploads\/2018\/06\/IMG_20180610_095656.jpg' data-full='https:\/\/zskarlino.pl\/wp-content\/uploads\/2018\/06\/IMG_20180610_095656.jpg' rel=\"lightbox[10277]\"><img loading=\"lazy\" decoding=\"async\" width=\"150\" height=\"150\" src=\"https:\/\/zskarlino.pl\/wp-content\/uploads\/2018\/06\/IMG_20180610_095656-150x150.jpg\" class=\"attachment-thumbnail size-thumbnail\" alt=\"\" \/><\/a>\n\t\t\t<\/dt><\/dl><dl class='gallery-item'>\n\t\t\t<dt class='gallery-icon portrait'>\n\t\t\t\t<a href='https:\/\/zskarlino.pl\/wp-content\/uploads\/2018\/06\/IMG_20180610_095734-576x1024.jpg' data-full='https:\/\/zskarlino.pl\/wp-content\/uploads\/2018\/06\/IMG_20180610_095734.jpg' rel=\"lightbox[10277]\"><img loading=\"lazy\" decoding=\"async\" width=\"150\" height=\"150\" src=\"https:\/\/zskarlino.pl\/wp-content\/uploads\/2018\/06\/IMG_20180610_095734-150x150.jpg\" class=\"attachment-thumbnail size-thumbnail\" alt=\"\" \/><\/a>\n\t\t\t<\/dt><\/dl><dl class='gallery-item'>\n\t\t\t<dt class='gallery-icon portrait'>\n\t\t\t\t<a href='https:\/\/zskarlino.pl\/wp-content\/uploads\/2018\/06\/IMG_20180610_100000-576x1024.jpg' data-full='https:\/\/zskarlino.pl\/wp-content\/uploads\/2018\/06\/IMG_20180610_100000.jpg' rel=\"lightbox[10277]\"><img loading=\"lazy\" decoding=\"async\" width=\"150\" height=\"150\" src=\"https:\/\/zskarlino.pl\/wp-content\/uploads\/2018\/06\/IMG_20180610_100000-150x150.jpg\" class=\"attachment-thumbnail size-thumbnail\" alt=\"\" \/><\/a>\n\t\t\t<\/dt><\/dl>\n\t\t<\/div>\n<\/div>\n<p style=\"text-align: justify;\">Przedstawiciele M\u0142odzie\u017cowej Rady Miejskiej w Karlinie w weekend 8-10.2018 wzi\u0119li udzia\u0142 w Forum M\u0142odych Europejczyk\u00f3w w Ko\u0142obrzegu.<\/p>\n<p style=\"text-align: justify;\">G\u0142\u00f3wnym tematem obrad by\u0142o dziedzictwo i to\u017csamo\u015b\u0107 kulturowa Pomorza Zachodniego. M\u0142odzi przedstawiciele kilkunastu m\u0142odzie\u017cowych rad Pomorza pracowali, wykorzystuj\u0105c r\u00f3\u017cne metody np. escape room, praca warsztatowa w grupach oraz wyk\u0142ad. Wypracowywali metody aktywizuj\u0105ce m\u0142odych tego regionu,\u00a0 kreowali przysz\u0142o\u015b\u0107 ze swoim udzia\u0142em, wymy\u015blali projekty, w kt\u00f3re planuj\u0105 si\u0119 zaanga\u017cowa\u0107 z efektywnym wykorzystaniem \u015brodk\u00f3w unijnych. Brali udzia\u0142 w debatach, w czasie kt\u00f3rych by\u0142 poruszany temat roli m\u0142odych w\u2026 Otrzymali wskaz\u00f3wki korzystania i dost\u0119pno\u015bci unijnych dotacji do inicjatyw organizacji pozarz\u0105dowych i stowarzysze\u0144.<\/p>\n<p style=\"text-align: justify;\">Go\u015bciem obrad by\u0142a Marsza\u0142ek Wojew\u00f3dztwa Zachodniopomorskiego Pani Anna Mieczkowska.<\/p>\n<p style=\"text-align: justify;\">Wr\u00f3cili\u015bmy na\u0142adowani pomys\u0142ami, pe\u0142ni plan\u00f3w. Teraz czas, by przeku\u0107 to w czyn.<\/p>\n<p style=\"text-align: right;\">P.O.Opiekuna M. Czarnas<\/p>\n","protected":false},"excerpt":{"rendered":"<p>Przedstawiciele M\u0142odzie\u017cowej Rady Miejskiej w Karlinie w weekend 8-10.2018 wzi\u0119li udzia\u0142 w Forum M\u0142odych Europejczyk\u00f3w w Ko\u0142obrzegu. G\u0142\u00f3wnym tematem obrad by\u0142o dziedzictwo i to\u017csamo\u015b\u0107 kulturowa Pomorza Zachodniego. M\u0142odzi przedstawiciele kilkunastu m\u0142odzie\u017cowych rad Pomorza pracowali, wykorzystuj\u0105c r\u00f3\u017cne metody np. escape room, praca warsztatowa w grupach oraz wyk\u0142ad. Wypracowywali metody aktywizuj\u0105ce m\u0142odych tego regionu,\u00a0 kreowali przysz\u0142o\u015b\u0107 ze &hellip; <\/p>\n<p><a class=\"more-link btn\" href=\"https:\/\/zskarlino.pl\/?p=10277\">Czytaj dalej<\/a><\/p>\n","protected":false},"author":6,"featured_media":0,"comment_status":"closed","ping_status":"closed","sticky":false,"template":"","format":"standard","meta":{"footnotes":""},"categories":[3],"tags":[],"class_list":["post-10277","post","type-post","status-publish","format-standard","hentry","category-wydarzenia","item-wrap"],"_links":{"self":[{"href":"https:\/\/zskarlino.pl\/index.php?rest_route=\/wp\/v2\/posts\/10277","targetHints":{"allow":["GET"]}}],"collection":[{"href":"https:\/\/zskarlino.pl\/index.php?rest_route=\/wp\/v2\/posts"}],"about":[{"href":"https:\/\/zskarlino.pl\/index.php?rest_route=\/wp\/v2\/types\/post"}],"author":[{"embeddable":true,"href":"https:\/\/zskarlino.pl\/index.php?rest_route=\/wp\/v2\/users\/6"}],"replies":[{"embeddable":true,"href":"https:\/\/zskarlino.pl\/index.php?rest_route=%2Fwp%2Fv2%2Fcomments&post=10277"}],"version-history":[{"count":1,"href":"https:\/\/zskarlino.pl\/index.php?rest_route=\/wp\/v2\/posts\/10277\/revisions"}],"predecessor-version":[{"id":10287,"href":"https:\/\/zskarlino.pl\/index.php?rest_route=\/wp\/v2\/posts\/10277\/revisions\/10287"}],"wp:attachment":[{"href":"https:\/\/zskarlino.pl\/index.php?rest_route=%2Fwp%2Fv2%2Fmedia&parent=10277"}],"wp:term":[{"taxonomy":"category","embeddable":true,"href":"https:\/\/zskarlino.pl\/index.php?rest_route=%2Fwp%2Fv2%2Fcategories&post=10277"},{"taxonomy":"post_tag","embeddable":true,"href":"https:\/\/zskarlino.pl\/index.php?rest_route=%2Fwp%2Fv2%2Ftags&post=10277"}],"curies":[{"name":"wp","href":"https:\/\/api.w.org\/{rel}","templated":true}]}}