{"id":10255,"date":"2018-05-04T15:34:42","date_gmt":"2018-05-04T13:34:42","guid":{"rendered":"http:\/\/zskarlino.pl\/?p=10255"},"modified":"2018-06-06T14:37:16","modified_gmt":"2018-06-06T12:37:16","slug":"kolejny-projekt-edukacyjny-za-nami","status":"publish","type":"post","link":"https:\/\/zskarlino.pl\/?p=10255","title":{"rendered":"Kolejny projekt edukacyjny za nami!"},"content":{"rendered":"<p style=\"text-align: justify;\">\u00a0<img loading=\"lazy\" decoding=\"async\" class=\"alignnone size-full wp-image-10257\" src=\"http:\/\/zskarlino.pl\/wp-content\/uploads\/2018\/06\/2.jpg\" alt=\"2\" width=\"960\" height=\"720\" srcset=\"https:\/\/zskarlino.pl\/wp-content\/uploads\/2018\/06\/2.jpg 960w, https:\/\/zskarlino.pl\/wp-content\/uploads\/2018\/06\/2-300x225.jpg 300w\" sizes=\"auto, (max-width: 960px) 100vw, 960px\" \/><\/p>\n<p style=\"text-align: justify;\">Dnia 4 maja odby\u0142y si\u0119 w naszej szkole pokazy prac uczni\u00f3w klas trzecich, wykonane podczas realizacji projektu edukacyjnego. W tym roku szkolnym, tematem przewodnim by\u0142o \u201eDziedzictwo Kulturowe\u201d, w ramach kt\u00f3rego uczniowie przygotowali plakaty, albumy, ksi\u0105\u017cki, filmiki, prezentacje oraz makiety. Cech\u0105 wsp\u00f3ln\u0105 prezentowanych prac by\u0142o pokazanie naszego dziedzictwa zar\u00f3wno tego narodowego, jak i naszego lokalnego, co uczniowie podkre\u015blali podczas om\u00f3wienia swoich prac.<\/p>\n<p style=\"text-align: justify;\"><img loading=\"lazy\" decoding=\"async\" class=\"aligncenter size-full wp-image-10256\" src=\"http:\/\/zskarlino.pl\/wp-content\/uploads\/2018\/06\/1.jpg\" alt=\"1\" width=\"720\" height=\"960\" srcset=\"https:\/\/zskarlino.pl\/wp-content\/uploads\/2018\/06\/1.jpg 720w, https:\/\/zskarlino.pl\/wp-content\/uploads\/2018\/06\/1-225x300.jpg 225w\" sizes=\"auto, (max-width: 720px) 100vw, 720px\" \/><\/p>\n<p style=\"text-align: right;\">Renata Piszak<\/p>\n","protected":false},"excerpt":{"rendered":"<p>\u00a0 Dnia 4 maja odby\u0142y si\u0119 w naszej szkole pokazy prac uczni\u00f3w klas trzecich, wykonane podczas realizacji projektu edukacyjnego. W tym roku szkolnym, tematem przewodnim by\u0142o \u201eDziedzictwo Kulturowe\u201d, w ramach kt\u00f3rego uczniowie przygotowali plakaty, albumy, ksi\u0105\u017cki, filmiki, prezentacje oraz makiety. Cech\u0105 wsp\u00f3ln\u0105 prezentowanych prac by\u0142o pokazanie naszego dziedzictwa zar\u00f3wno tego narodowego, jak i naszego lokalnego, &hellip; <\/p>\n<p><a class=\"more-link btn\" href=\"https:\/\/zskarlino.pl\/?p=10255\">Czytaj dalej<\/a><\/p>\n","protected":false},"author":6,"featured_media":0,"comment_status":"closed","ping_status":"closed","sticky":false,"template":"","format":"standard","meta":{"footnotes":""},"categories":[3],"tags":[],"class_list":["post-10255","post","type-post","status-publish","format-standard","hentry","category-wydarzenia","item-wrap"],"_links":{"self":[{"href":"https:\/\/zskarlino.pl\/index.php?rest_route=\/wp\/v2\/posts\/10255","targetHints":{"allow":["GET"]}}],"collection":[{"href":"https:\/\/zskarlino.pl\/index.php?rest_route=\/wp\/v2\/posts"}],"about":[{"href":"https:\/\/zskarlino.pl\/index.php?rest_route=\/wp\/v2\/types\/post"}],"author":[{"embeddable":true,"href":"https:\/\/zskarlino.pl\/index.php?rest_route=\/wp\/v2\/users\/6"}],"replies":[{"embeddable":true,"href":"https:\/\/zskarlino.pl\/index.php?rest_route=%2Fwp%2Fv2%2Fcomments&post=10255"}],"version-history":[{"count":1,"href":"https:\/\/zskarlino.pl\/index.php?rest_route=\/wp\/v2\/posts\/10255\/revisions"}],"predecessor-version":[{"id":10258,"href":"https:\/\/zskarlino.pl\/index.php?rest_route=\/wp\/v2\/posts\/10255\/revisions\/10258"}],"wp:attachment":[{"href":"https:\/\/zskarlino.pl\/index.php?rest_route=%2Fwp%2Fv2%2Fmedia&parent=10255"}],"wp:term":[{"taxonomy":"category","embeddable":true,"href":"https:\/\/zskarlino.pl\/index.php?rest_route=%2Fwp%2Fv2%2Fcategories&post=10255"},{"taxonomy":"post_tag","embeddable":true,"href":"https:\/\/zskarlino.pl\/index.php?rest_route=%2Fwp%2Fv2%2Ftags&post=10255"}],"curies":[{"name":"wp","href":"https:\/\/api.w.org\/{rel}","templated":true}]}}