{"id":10249,"date":"2018-04-25T15:28:45","date_gmt":"2018-04-25T13:28:45","guid":{"rendered":"http:\/\/zskarlino.pl\/?p=10249"},"modified":"2018-06-06T14:33:19","modified_gmt":"2018-06-06T12:33:19","slug":"wystawa-prac-w-ramach-dziedzictwa-kulturowego","status":"publish","type":"post","link":"https:\/\/zskarlino.pl\/?p=10249","title":{"rendered":"Wystawa prac w ramach Dziedzictwa Kulturowego"},"content":{"rendered":"<p style=\"text-align: justify;\"><img loading=\"lazy\" decoding=\"async\" class=\"aligncenter size-full wp-image-10250\" src=\"http:\/\/zskarlino.pl\/wp-content\/uploads\/2018\/06\/340.jpg\" alt=\"340\" width=\"960\" height=\"677\" srcset=\"https:\/\/zskarlino.pl\/wp-content\/uploads\/2018\/06\/340.jpg 960w, https:\/\/zskarlino.pl\/wp-content\/uploads\/2018\/06\/340-300x212.jpg 300w\" sizes=\"auto, (max-width: 960px) 100vw, 960px\" \/><\/p>\n<p style=\"text-align: justify;\">Dnia 23 kwietnia br., w ramach Mi\u0119dzynarodowego \u015awi\u0119ta Ksi\u0105\u017cki, uczniowie klasy II b przygotowali wystaw\u0119 o naszych polskich pisarzach i ich dzie\u0142ach. Plakaty, kt\u00f3re umieszczone zosta\u0142y na holu naszej szko\u0142y, mia\u0142y na celu nie tylko zach\u0119cenie uczni\u00f3w do czytania, ale i zapoznania si\u0119 z dziedzictwem narodowym naszego kraju, jakim niew\u0105tpliwie s\u0105 arcydzie\u0142a naszej literatury. Zar\u00f3wno wystawa, jak i p\u00f3\u017aniejszy apel po\u015bwi\u0119cony czytaniu, organizowane s\u0105 w ramach roku Dziedzictwa Kulturowego.<\/p>\n<p style=\"text-align: justify;\"><img loading=\"lazy\" decoding=\"async\" class=\"aligncenter size-full wp-image-10253\" src=\"http:\/\/zskarlino.pl\/wp-content\/uploads\/2018\/06\/OBRAZ-1.jpg\" alt=\"OBRAZ-1\" width=\"597\" height=\"422\" srcset=\"https:\/\/zskarlino.pl\/wp-content\/uploads\/2018\/06\/OBRAZ-1.jpg 597w, https:\/\/zskarlino.pl\/wp-content\/uploads\/2018\/06\/OBRAZ-1-300x212.jpg 300w\" sizes=\"auto, (max-width: 597px) 100vw, 597px\" \/><\/p>\n<p style=\"text-align: right;\"><em>Renata Piszak<\/em><\/p>\n","protected":false},"excerpt":{"rendered":"<p>Dnia 23 kwietnia br., w ramach Mi\u0119dzynarodowego \u015awi\u0119ta Ksi\u0105\u017cki, uczniowie klasy II b przygotowali wystaw\u0119 o naszych polskich pisarzach i ich dzie\u0142ach. Plakaty, kt\u00f3re umieszczone zosta\u0142y na holu naszej szko\u0142y, mia\u0142y na celu nie tylko zach\u0119cenie uczni\u00f3w do czytania, ale i zapoznania si\u0119 z dziedzictwem narodowym naszego kraju, jakim niew\u0105tpliwie s\u0105 arcydzie\u0142a naszej literatury. Zar\u00f3wno &hellip; <\/p>\n<p><a class=\"more-link btn\" href=\"https:\/\/zskarlino.pl\/?p=10249\">Czytaj dalej<\/a><\/p>\n","protected":false},"author":6,"featured_media":0,"comment_status":"closed","ping_status":"closed","sticky":false,"template":"","format":"standard","meta":{"footnotes":""},"categories":[3],"tags":[],"class_list":["post-10249","post","type-post","status-publish","format-standard","hentry","category-wydarzenia","item-wrap"],"_links":{"self":[{"href":"https:\/\/zskarlino.pl\/index.php?rest_route=\/wp\/v2\/posts\/10249","targetHints":{"allow":["GET"]}}],"collection":[{"href":"https:\/\/zskarlino.pl\/index.php?rest_route=\/wp\/v2\/posts"}],"about":[{"href":"https:\/\/zskarlino.pl\/index.php?rest_route=\/wp\/v2\/types\/post"}],"author":[{"embeddable":true,"href":"https:\/\/zskarlino.pl\/index.php?rest_route=\/wp\/v2\/users\/6"}],"replies":[{"embeddable":true,"href":"https:\/\/zskarlino.pl\/index.php?rest_route=%2Fwp%2Fv2%2Fcomments&post=10249"}],"version-history":[{"count":1,"href":"https:\/\/zskarlino.pl\/index.php?rest_route=\/wp\/v2\/posts\/10249\/revisions"}],"predecessor-version":[{"id":10254,"href":"https:\/\/zskarlino.pl\/index.php?rest_route=\/wp\/v2\/posts\/10249\/revisions\/10254"}],"wp:attachment":[{"href":"https:\/\/zskarlino.pl\/index.php?rest_route=%2Fwp%2Fv2%2Fmedia&parent=10249"}],"wp:term":[{"taxonomy":"category","embeddable":true,"href":"https:\/\/zskarlino.pl\/index.php?rest_route=%2Fwp%2Fv2%2Fcategories&post=10249"},{"taxonomy":"post_tag","embeddable":true,"href":"https:\/\/zskarlino.pl\/index.php?rest_route=%2Fwp%2Fv2%2Ftags&post=10249"}],"curies":[{"name":"wp","href":"https:\/\/api.w.org\/{rel}","templated":true}]}}