{"id":10242,"date":"2018-05-30T16:20:42","date_gmt":"2018-05-30T14:20:42","guid":{"rendered":"http:\/\/zskarlino.pl\/?p=10242"},"modified":"2018-06-06T14:24:48","modified_gmt":"2018-06-06T12:24:48","slug":"do-boju-polsko","status":"publish","type":"post","link":"https:\/\/zskarlino.pl\/?p=10242","title":{"rendered":"Do boju Polsko!"},"content":{"rendered":"<p style=\"text-align: justify;\"><img loading=\"lazy\" decoding=\"async\" class=\"aligncenter size-full wp-image-10244\" src=\"http:\/\/zskarlino.pl\/wp-content\/uploads\/2018\/06\/34192579_1663863007001135_670806061216694272_n.jpg\" alt=\"34192579_1663863007001135_670806061216694272_n\" width=\"960\" height=\"719\" srcset=\"https:\/\/zskarlino.pl\/wp-content\/uploads\/2018\/06\/34192579_1663863007001135_670806061216694272_n.jpg 960w, https:\/\/zskarlino.pl\/wp-content\/uploads\/2018\/06\/34192579_1663863007001135_670806061216694272_n-300x225.jpg 300w\" sizes=\"auto, (max-width: 960px) 100vw, 960px\" \/><\/p>\n<p style=\"text-align: justify;\">Dnia 30 maja 2018 roku, uczniowie naszego gimnazjum mieli okazj\u0119 spotka\u0107 si\u0119 z kibicem klubu pi\u0142karskiego \u201e\u015al\u0105sk Wroc\u0142aw\u201d, panem Kujaw\u0105, kt\u00f3ry opowiedzia\u0142 im co nieco o swoim klubie, jego meczach oraz innych akcjach charytatywno-patriotycznych.<\/p>\n<p style=\"text-align: justify;\">Akcjach takich jak, wywieszanie baner\u00f3w z bohaterami narodowymi, czy te\u017c ostatnio bicie rekordu \u015bwiata w ramach akcji \u201eTydzie\u0144 bez barier\u201d, podczas kt\u00f3rego na stadionie \u015al\u0105ska -Wroc\u0142aw mia\u0142a si\u0119 pojawi\u0107 jak najwi\u0119ksza liczba niepe\u0142nosprawnych kibic\u00f3w. (Poprzedni rekord r\u00f3wnie\u017c nale\u017ca\u0142 do \u015al\u0105ska &#8211; Wroc\u0142aw).<\/p>\n<p style=\"text-align: justify;\"><img loading=\"lazy\" decoding=\"async\" class=\"aligncenter size-full wp-image-10243\" src=\"http:\/\/zskarlino.pl\/wp-content\/uploads\/2018\/06\/34015808_1663862830334486_43539483638890496_n.jpg\" alt=\"34015808_1663862830334486_43539483638890496_n\" width=\"638\" height=\"402\" srcset=\"https:\/\/zskarlino.pl\/wp-content\/uploads\/2018\/06\/34015808_1663862830334486_43539483638890496_n.jpg 638w, https:\/\/zskarlino.pl\/wp-content\/uploads\/2018\/06\/34015808_1663862830334486_43539483638890496_n-300x189.jpg 300w\" sizes=\"auto, (max-width: 638px) 100vw, 638px\" \/>Dowiedzieli\u015bmy si\u0119 r\u00f3wnie\u017c jak dzielimy kibic\u00f3w i jak nie zosta\u0107 frajerem podczas kibicowania, co na pewno przyda nam si\u0119 w najbli\u017cszym okresie, gdy wszyscy b\u0119dziemy trzyma\u0107 kciuki za jak najlepszy wynik bia\u0142o-czerwonych podczas zbli\u017caj\u0105cych si\u0119 wielkimi krokami Mistrzostw \u015awiata w pi\u0142ce no\u017cnej w Rosji.<\/p>\n<p style=\"text-align: justify;\">Sk\u0142adamy serdeczne podzi\u0119kowania naszemu go\u015bciowi za po\u015bwi\u0119cony nam czas,<br \/>\na naszym pi\u0142karzom \u017cyczymy powodzenia.<\/p>\n<p style=\"text-align: right;\"><em>Renata Piszak<\/em><\/p>\n","protected":false},"excerpt":{"rendered":"<p>Dnia 30 maja 2018 roku, uczniowie naszego gimnazjum mieli okazj\u0119 spotka\u0107 si\u0119 z kibicem klubu pi\u0142karskiego \u201e\u015al\u0105sk Wroc\u0142aw\u201d, panem Kujaw\u0105, kt\u00f3ry opowiedzia\u0142 im co nieco o swoim klubie, jego meczach oraz innych akcjach charytatywno-patriotycznych. Akcjach takich jak, wywieszanie baner\u00f3w z bohaterami narodowymi, czy te\u017c ostatnio bicie rekordu \u015bwiata w ramach akcji \u201eTydzie\u0144 bez barier\u201d, podczas &hellip; <\/p>\n<p><a class=\"more-link btn\" href=\"https:\/\/zskarlino.pl\/?p=10242\">Czytaj dalej<\/a><\/p>\n","protected":false},"author":6,"featured_media":0,"comment_status":"closed","ping_status":"closed","sticky":false,"template":"","format":"standard","meta":{"footnotes":""},"categories":[3],"tags":[],"class_list":["post-10242","post","type-post","status-publish","format-standard","hentry","category-wydarzenia","item-wrap"],"_links":{"self":[{"href":"https:\/\/zskarlino.pl\/index.php?rest_route=\/wp\/v2\/posts\/10242","targetHints":{"allow":["GET"]}}],"collection":[{"href":"https:\/\/zskarlino.pl\/index.php?rest_route=\/wp\/v2\/posts"}],"about":[{"href":"https:\/\/zskarlino.pl\/index.php?rest_route=\/wp\/v2\/types\/post"}],"author":[{"embeddable":true,"href":"https:\/\/zskarlino.pl\/index.php?rest_route=\/wp\/v2\/users\/6"}],"replies":[{"embeddable":true,"href":"https:\/\/zskarlino.pl\/index.php?rest_route=%2Fwp%2Fv2%2Fcomments&post=10242"}],"version-history":[{"count":1,"href":"https:\/\/zskarlino.pl\/index.php?rest_route=\/wp\/v2\/posts\/10242\/revisions"}],"predecessor-version":[{"id":10245,"href":"https:\/\/zskarlino.pl\/index.php?rest_route=\/wp\/v2\/posts\/10242\/revisions\/10245"}],"wp:attachment":[{"href":"https:\/\/zskarlino.pl\/index.php?rest_route=%2Fwp%2Fv2%2Fmedia&parent=10242"}],"wp:term":[{"taxonomy":"category","embeddable":true,"href":"https:\/\/zskarlino.pl\/index.php?rest_route=%2Fwp%2Fv2%2Fcategories&post=10242"},{"taxonomy":"post_tag","embeddable":true,"href":"https:\/\/zskarlino.pl\/index.php?rest_route=%2Fwp%2Fv2%2Ftags&post=10242"}],"curies":[{"name":"wp","href":"https:\/\/api.w.org\/{rel}","templated":true}]}}