{"id":10235,"date":"2018-06-04T11:58:02","date_gmt":"2018-06-04T09:58:02","guid":{"rendered":"http:\/\/zskarlino.pl\/?p=10235"},"modified":"2020-06-15T13:53:49","modified_gmt":"2020-06-15T11:53:49","slug":"klauzula-informacyjna-rodo","status":"publish","type":"post","link":"https:\/\/zskarlino.pl\/?p=10235","title":{"rendered":"Klauzula informacyjna RODO"},"content":{"rendered":"<p style=\"text-align: justify;\">Zesp\u00f3\u0142 Szk\u00f3\u0142 w Karlinie przetwarza Pani\/Pana dane osobowe w zbiorach danych wynikaj\u0105cych z obowi\u0105zku ich prowadzenia na mocy przepis\u00f3w prawa.<\/p>\n<ol style=\"text-align: justify;\">\n<li>Administratorem danych jest Zesp\u00f3\u0142 Szk\u00f3\u0142 w Karlinie z siedzib\u0105 przy ul. Ksi\u0119dza Brz\u00f3ski 6, 78-230 Karlino, tel. 94\u00a0311 7844, e-mail: zskarlino@zskarlino.pl<\/li>\n<li>Inspektorem Ochrony Danych\u00a0 w Zespole Szk\u00f3\u0142 w Karlinie jest Pani Marlena Mazur-P\u0105czek,<br \/>\ne-mail: iodmp@oswiata-karlino.pl<\/li>\n<li>Podstaw\u0105 prawn\u0105 przetwarzania danych osobowych znajduj\u0105cych si\u0119 w zbiorach danych przetwarzanych przez Zesp\u00f3\u0142 Szk\u00f3\u0142 w Karlinie jest:<\/li>\n<\/ol>\n<ul>\n<li style=\"text-align: justify;\">art. 6 ust. 1 lit. c Rozporz\u0105dzenia Parlamentu Europejskiego i Rady (UE) 2016\/679 z dnia 27 kwietnia 2016 r. w sprawie ochrony os\u00f3b fizycznych w zwi\u0105zku z przetwarzaniem danych osobowych i w sprawie swobodnego przep\u0142ywu takich danych oraz uchylenia dyrektywy 95\/46\/WE (og\u00f3lne rozporz\u0105dzenie o ochronie danych). Oznacza to, \u017ce Pani\/Pana dane oraz dane osobowe dzieci b\u0119d\u0105 przetwarzane w celu wype\u0142nienia obowi\u0105zku prawnego ci\u0105\u017c\u0105cego na administratorze danych,<\/li>\n<li style=\"text-align: justify;\">art.6 ust.1 lit. a &#8211; w zakresie w jakim podanie danych osobowych jest dobrowolne (np. upublicznianie wizerunku) \u2013 na podstawie wyra\u017conej przez Pa\u0144stwa zgody.<\/li>\n<li style=\"text-align: justify;\">art.6 ust.1 lit. b &#8211; przetwarzanie mo\u017ce by\u0107 r\u00f3wnie\u017c niezb\u0119dne w celu wykonania umowy, kt\u00f3rej Pan\/Pani jest stron\u0105 lub do podj\u0119cia dzia\u0142a\u0144, na Pani\/Pana \u017c\u0105danie, przed zawarciem umowy.<\/li>\n<\/ul>\n<p>4. Pani\/Pana dane oraz dane osobowe dzieci b\u0119d\u0105 przetwarzane przez czas wskazany w przepisach ze szczeg\u00f3lnym uwzgl\u0119dnieniem ustawy z dnia 14 lipca 1983 r. o narodowym zasobie archiwalnym i archiwach.<\/p>\n<p>5. Podanie danych osobowych w zakresie wymaganym ustawodawstwem jest obligatoryjne, a w pozosta\u0142ych przypadkach ma charakter dobrowolny.<\/p>\n<p>6.Pani\/Pana dane oraz dane osobowe dzieci mog\u0105 by\u0107 przekazywane podmiotom maj\u0105cym podstaw\u0119 prawn\u0105 otrzymania takich informacji, a tak\u017ce podmiotom, kt\u00f3rym dane zostan\u0105 powierzone do zrealizowania cel\u00f3w przetwarzania.<\/p>\n<p>7. Przys\u0142uguje Pani\/Panu prawo dost\u0119pu do tych danych i ich sprostowania,usuni\u0119cia, ograniczenia przetwarzania, prawo do przenoszenia danych, prawo wniesienia sprzeciwu do Prezesa Urz\u0119du Ochrony Danych Osobowych, gdy\u00a0 uzna Pani\/Pan, i\u017c przetwarzanie danych osobowych narusza przepisy prawa, prawo do cofni\u0119cia zgody w dowolnym\u00a0 momencie bez wp\u0142ywu na zgodno\u015b\u0107 z prawem przetwarzania (je\u017celi przetwarzanie odbywa si\u0119 na podstawie zgody), kt\u00f3rego dokonano na podstawie zgody przed jej cofni\u0119ciem;.<\/p>\n<p>8. Pani\/Pana dane oraz dane osobowe dzieci nie b\u0119d\u0105 podlega\u0142y automatyzacji podejmowania decyzji oraz nie b\u0119d\u0105 profilowane,\u00a0 a tak\u017ce nie b\u0119d\u0105 przekazywane do pa\u0144stw trzecich.<\/p>\n","protected":false},"excerpt":{"rendered":"<p>Zesp\u00f3\u0142 Szk\u00f3\u0142 w Karlinie przetwarza Pani\/Pana dane osobowe w zbiorach danych wynikaj\u0105cych z obowi\u0105zku ich prowadzenia na mocy przepis\u00f3w prawa. Administratorem danych jest Zesp\u00f3\u0142 Szk\u00f3\u0142 w Karlinie z siedzib\u0105 przy ul. Ksi\u0119dza Brz\u00f3ski 6, 78-230 Karlino, tel. 94\u00a0311 7844, e-mail: zskarlino@zskarlino.pl Inspektorem Ochrony Danych\u00a0 w Zespole Szk\u00f3\u0142 w Karlinie jest Pani Marlena Mazur-P\u0105czek, e-mail: iodmp@oswiata-karlino.pl &hellip; <\/p>\n<p><a class=\"more-link btn\" href=\"https:\/\/zskarlino.pl\/?p=10235\">Czytaj dalej<\/a><\/p>\n","protected":false},"author":3,"featured_media":0,"comment_status":"closed","ping_status":"closed","sticky":false,"template":"","format":"standard","meta":{"footnotes":""},"categories":[3],"tags":[],"class_list":["post-10235","post","type-post","status-publish","format-standard","hentry","category-wydarzenia","item-wrap"],"_links":{"self":[{"href":"https:\/\/zskarlino.pl\/index.php?rest_route=\/wp\/v2\/posts\/10235","targetHints":{"allow":["GET"]}}],"collection":[{"href":"https:\/\/zskarlino.pl\/index.php?rest_route=\/wp\/v2\/posts"}],"about":[{"href":"https:\/\/zskarlino.pl\/index.php?rest_route=\/wp\/v2\/types\/post"}],"author":[{"embeddable":true,"href":"https:\/\/zskarlino.pl\/index.php?rest_route=\/wp\/v2\/users\/3"}],"replies":[{"embeddable":true,"href":"https:\/\/zskarlino.pl\/index.php?rest_route=%2Fwp%2Fv2%2Fcomments&post=10235"}],"version-history":[{"count":4,"href":"https:\/\/zskarlino.pl\/index.php?rest_route=\/wp\/v2\/posts\/10235\/revisions"}],"predecessor-version":[{"id":17198,"href":"https:\/\/zskarlino.pl\/index.php?rest_route=\/wp\/v2\/posts\/10235\/revisions\/17198"}],"wp:attachment":[{"href":"https:\/\/zskarlino.pl\/index.php?rest_route=%2Fwp%2Fv2%2Fmedia&parent=10235"}],"wp:term":[{"taxonomy":"category","embeddable":true,"href":"https:\/\/zskarlino.pl\/index.php?rest_route=%2Fwp%2Fv2%2Fcategories&post=10235"},{"taxonomy":"post_tag","embeddable":true,"href":"https:\/\/zskarlino.pl\/index.php?rest_route=%2Fwp%2Fv2%2Ftags&post=10235"}],"curies":[{"name":"wp","href":"https:\/\/api.w.org\/{rel}","templated":true}]}}