{"id":10214,"date":"2018-05-29T13:50:54","date_gmt":"2018-05-29T11:50:54","guid":{"rendered":"http:\/\/zskarlino.pl\/?p=10214"},"modified":"2018-05-29T20:09:25","modified_gmt":"2018-05-29T18:09:25","slug":"noc-muzeow","status":"publish","type":"post","link":"https:\/\/zskarlino.pl\/?p=10214","title":{"rendered":"Noc Muze\u00f3w"},"content":{"rendered":"<p style=\"text-align: justify;\">W sobot\u0119 26 maja uczestniczyli\u015bmy w og\u00f3lnopolskiej akcji Noc Muze\u00f3w. Wsp\u00f3\u0142organizatorami imprezy byli nasi \u201eSzaleni Historycy\u201d. Na spragnionych historii mieszka\u0144c\u00f3w Karlina czeka\u0142o wiele niespodzianek: degustacja \u015bredniowiecznych potraw, zwiedzanie muzeum, strzelanie z \u0142uku, gry oraz konkursy z nagrodami. Powt\u00f3rka za rok.<\/p>\n<p style=\"text-align: right;\"><em>Opiekun: Ireneusz Tyborski<\/em><\/p>\n<p><a href=\"http:\/\/zskarlino.pl\/wp-content\/uploads\/2018\/05\/MZK4077.jpg\" rel=\"lightbox[10214]\"><img loading=\"lazy\" decoding=\"async\" class=\"alignnone size-medium wp-image-10215\" src=\"http:\/\/zskarlino.pl\/wp-content\/uploads\/2018\/05\/MZK4077-300x199.jpg\" alt=\"_MZK4077\" width=\"300\" height=\"199\" srcset=\"https:\/\/zskarlino.pl\/wp-content\/uploads\/2018\/05\/MZK4077-300x199.jpg 300w, https:\/\/zskarlino.pl\/wp-content\/uploads\/2018\/05\/MZK4077-1024x680.jpg 1024w, https:\/\/zskarlino.pl\/wp-content\/uploads\/2018\/05\/MZK4077.jpg 1200w\" sizes=\"auto, (max-width: 300px) 100vw, 300px\" \/><\/a> <a href=\"http:\/\/zskarlino.pl\/wp-content\/uploads\/2018\/05\/MZK4085.jpg\" rel=\"lightbox[10214]\"><img loading=\"lazy\" decoding=\"async\" class=\"alignnone size-medium wp-image-10216\" src=\"http:\/\/zskarlino.pl\/wp-content\/uploads\/2018\/05\/MZK4085-300x199.jpg\" alt=\"_MZK4085\" width=\"300\" height=\"199\" srcset=\"https:\/\/zskarlino.pl\/wp-content\/uploads\/2018\/05\/MZK4085-300x199.jpg 300w, https:\/\/zskarlino.pl\/wp-content\/uploads\/2018\/05\/MZK4085-1024x680.jpg 1024w, https:\/\/zskarlino.pl\/wp-content\/uploads\/2018\/05\/MZK4085.jpg 1200w\" sizes=\"auto, (max-width: 300px) 100vw, 300px\" \/><\/a> <a href=\"http:\/\/zskarlino.pl\/wp-content\/uploads\/2018\/05\/MZK4092.jpg\" rel=\"lightbox[10214]\"><img loading=\"lazy\" decoding=\"async\" class=\"alignnone size-medium wp-image-10217\" src=\"http:\/\/zskarlino.pl\/wp-content\/uploads\/2018\/05\/MZK4092-300x199.jpg\" alt=\"_MZK4092\" width=\"300\" height=\"199\" srcset=\"https:\/\/zskarlino.pl\/wp-content\/uploads\/2018\/05\/MZK4092-300x199.jpg 300w, https:\/\/zskarlino.pl\/wp-content\/uploads\/2018\/05\/MZK4092-1024x680.jpg 1024w, https:\/\/zskarlino.pl\/wp-content\/uploads\/2018\/05\/MZK4092.jpg 1200w\" sizes=\"auto, (max-width: 300px) 100vw, 300px\" \/><\/a> <a href=\"http:\/\/zskarlino.pl\/wp-content\/uploads\/2018\/05\/MZK4093.jpg\" rel=\"lightbox[10214]\"><img loading=\"lazy\" decoding=\"async\" class=\"alignnone size-medium wp-image-10218\" src=\"http:\/\/zskarlino.pl\/wp-content\/uploads\/2018\/05\/MZK4093-300x199.jpg\" alt=\"_MZK4093\" width=\"300\" height=\"199\" srcset=\"https:\/\/zskarlino.pl\/wp-content\/uploads\/2018\/05\/MZK4093-300x199.jpg 300w, https:\/\/zskarlino.pl\/wp-content\/uploads\/2018\/05\/MZK4093-1024x680.jpg 1024w, https:\/\/zskarlino.pl\/wp-content\/uploads\/2018\/05\/MZK4093.jpg 1200w\" sizes=\"auto, (max-width: 300px) 100vw, 300px\" \/><\/a> <a href=\"http:\/\/zskarlino.pl\/wp-content\/uploads\/2018\/05\/MZK4099.jpg\" rel=\"lightbox[10214]\"><img loading=\"lazy\" decoding=\"async\" class=\"alignnone size-medium wp-image-10219\" src=\"http:\/\/zskarlino.pl\/wp-content\/uploads\/2018\/05\/MZK4099-300x199.jpg\" alt=\"_MZK4099\" width=\"300\" height=\"199\" srcset=\"https:\/\/zskarlino.pl\/wp-content\/uploads\/2018\/05\/MZK4099-300x199.jpg 300w, https:\/\/zskarlino.pl\/wp-content\/uploads\/2018\/05\/MZK4099-1024x680.jpg 1024w, https:\/\/zskarlino.pl\/wp-content\/uploads\/2018\/05\/MZK4099.jpg 1200w\" sizes=\"auto, (max-width: 300px) 100vw, 300px\" \/><\/a> <a href=\"http:\/\/zskarlino.pl\/wp-content\/uploads\/2018\/05\/MZK4101.jpg\" rel=\"lightbox[10214]\"><img loading=\"lazy\" decoding=\"async\" class=\"alignnone size-medium wp-image-10220\" src=\"http:\/\/zskarlino.pl\/wp-content\/uploads\/2018\/05\/MZK4101-300x199.jpg\" alt=\"_MZK4101\" width=\"300\" height=\"199\" srcset=\"https:\/\/zskarlino.pl\/wp-content\/uploads\/2018\/05\/MZK4101-300x199.jpg 300w, https:\/\/zskarlino.pl\/wp-content\/uploads\/2018\/05\/MZK4101-1024x680.jpg 1024w, https:\/\/zskarlino.pl\/wp-content\/uploads\/2018\/05\/MZK4101.jpg 1200w\" sizes=\"auto, (max-width: 300px) 100vw, 300px\" \/><\/a> <a href=\"http:\/\/zskarlino.pl\/wp-content\/uploads\/2018\/05\/MZK4153.jpg\" rel=\"lightbox[10214]\"><img loading=\"lazy\" decoding=\"async\" class=\"alignnone size-medium wp-image-10221\" src=\"http:\/\/zskarlino.pl\/wp-content\/uploads\/2018\/05\/MZK4153-300x199.jpg\" alt=\"_MZK4153\" width=\"300\" height=\"199\" srcset=\"https:\/\/zskarlino.pl\/wp-content\/uploads\/2018\/05\/MZK4153-300x199.jpg 300w, https:\/\/zskarlino.pl\/wp-content\/uploads\/2018\/05\/MZK4153-1024x680.jpg 1024w, https:\/\/zskarlino.pl\/wp-content\/uploads\/2018\/05\/MZK4153.jpg 1200w\" sizes=\"auto, (max-width: 300px) 100vw, 300px\" \/><\/a><\/p>\n","protected":false},"excerpt":{"rendered":"<p>W sobot\u0119 26 maja uczestniczyli\u015bmy w og\u00f3lnopolskiej akcji Noc Muze\u00f3w. Wsp\u00f3\u0142organizatorami imprezy byli nasi \u201eSzaleni Historycy\u201d. Na spragnionych historii mieszka\u0144c\u00f3w Karlina czeka\u0142o wiele niespodzianek: degustacja \u015bredniowiecznych potraw, zwiedzanie muzeum, strzelanie z \u0142uku, gry oraz konkursy z nagrodami. Powt\u00f3rka za rok. Opiekun: Ireneusz Tyborski<\/p>\n","protected":false},"author":8,"featured_media":0,"comment_status":"closed","ping_status":"closed","sticky":false,"template":"","format":"standard","meta":{"footnotes":""},"categories":[3],"tags":[],"class_list":["post-10214","post","type-post","status-publish","format-standard","hentry","category-wydarzenia","item-wrap"],"_links":{"self":[{"href":"https:\/\/zskarlino.pl\/index.php?rest_route=\/wp\/v2\/posts\/10214","targetHints":{"allow":["GET"]}}],"collection":[{"href":"https:\/\/zskarlino.pl\/index.php?rest_route=\/wp\/v2\/posts"}],"about":[{"href":"https:\/\/zskarlino.pl\/index.php?rest_route=\/wp\/v2\/types\/post"}],"author":[{"embeddable":true,"href":"https:\/\/zskarlino.pl\/index.php?rest_route=\/wp\/v2\/users\/8"}],"replies":[{"embeddable":true,"href":"https:\/\/zskarlino.pl\/index.php?rest_route=%2Fwp%2Fv2%2Fcomments&post=10214"}],"version-history":[{"count":2,"href":"https:\/\/zskarlino.pl\/index.php?rest_route=\/wp\/v2\/posts\/10214\/revisions"}],"predecessor-version":[{"id":10223,"href":"https:\/\/zskarlino.pl\/index.php?rest_route=\/wp\/v2\/posts\/10214\/revisions\/10223"}],"wp:attachment":[{"href":"https:\/\/zskarlino.pl\/index.php?rest_route=%2Fwp%2Fv2%2Fmedia&parent=10214"}],"wp:term":[{"taxonomy":"category","embeddable":true,"href":"https:\/\/zskarlino.pl\/index.php?rest_route=%2Fwp%2Fv2%2Fcategories&post=10214"},{"taxonomy":"post_tag","embeddable":true,"href":"https:\/\/zskarlino.pl\/index.php?rest_route=%2Fwp%2Fv2%2Ftags&post=10214"}],"curies":[{"name":"wp","href":"https:\/\/api.w.org\/{rel}","templated":true}]}}