{"id":10203,"date":"2018-05-27T22:38:53","date_gmt":"2018-05-27T20:38:53","guid":{"rendered":"http:\/\/zskarlino.pl\/?p=10203"},"modified":"2018-05-27T22:38:53","modified_gmt":"2018-05-27T20:38:53","slug":"ksiazka-wygrala","status":"publish","type":"post","link":"https:\/\/zskarlino.pl\/?p=10203","title":{"rendered":"Ksi\u0105\u017cka wygra\u0142a!"},"content":{"rendered":"<p style=\"text-align: justify;\"><img loading=\"lazy\" decoding=\"async\" class=\"aligncenter size-full wp-image-10204\" src=\"http:\/\/zskarlino.pl\/wp-content\/uploads\/2018\/05\/33492560_1947540611922652_6039323763114246144_o.jpg\" alt=\"33492560_1947540611922652_6039323763114246144_o\" width=\"2048\" height=\"2048\" srcset=\"https:\/\/zskarlino.pl\/wp-content\/uploads\/2018\/05\/33492560_1947540611922652_6039323763114246144_o.jpg 2048w, https:\/\/zskarlino.pl\/wp-content\/uploads\/2018\/05\/33492560_1947540611922652_6039323763114246144_o-150x150.jpg 150w, https:\/\/zskarlino.pl\/wp-content\/uploads\/2018\/05\/33492560_1947540611922652_6039323763114246144_o-300x300.jpg 300w, https:\/\/zskarlino.pl\/wp-content\/uploads\/2018\/05\/33492560_1947540611922652_6039323763114246144_o-1024x1024.jpg 1024w\" sizes=\"auto, (max-width: 2048px) 100vw, 2048px\" \/><\/p>\n<p style=\"text-align: justify;\">Oskar\u017cenie mia\u0142o wiele dowod\u00f3w, \u015bwiadk\u00f3w przeciw anachroniczno\u015bci Ksi\u0105\u017cki, a ta si\u0119 nie podda\u0142a. Walczy\u0142a dzielnie, odpieraj\u0105c r\u00f3\u017cne zarzuty! W rozprawie s\u0105dowej, kt\u00f3r\u0105 obserwowali uczniowie Zespo\u0142u Szk\u00f3\u0142 w Karlinie 24 maja, w ramach obchod\u00f3w \u015awi\u0119ta Szko\u0142y, Ksi\u0105\u017cka udowodni\u0142a, \u017ce jest potrzebna, ch\u0119tnie czytana, nie jest prze\u017cytkiem i \u015bmia\u0142o konkuruje z komputerem, z r\u00f3\u017cnymi mediami i no\u015bnikami informacji.<\/p>\n<p style=\"text-align: justify;\">Uczniowie klas II b i III b, pod opiek\u0105 p. R. Piszak i A. Kaszuby, przedstawili \u201eS\u0105d nad ksi\u0105\u017ck\u0105\u201d &#8211; wyst\u0119p, kt\u00f3ry dowi\u00f3d\u0142 tego, \u017ce czytanie wci\u0105\u017c jest aktualne! Sta\u0142o si\u0119 nawet modne! Popularno\u015b\u0107 hase\u0142, portali czy fanpage&#8217;y takich, jak: \u201eCa\u0142a Polska czyta dzieciom\u201d; \u201eNie jestem statystycznym Polakiem&#8221;, \u201eLubimy czyta\u0107\u201d, niezbicie tego dowodzi.<\/p>\n<p style=\"text-align: justify;\">Czytujmy w wolnych chwilach, czytajmy, kiedy mamy du\u017co czasu wolnego, chciejmy czyta\u0107, by si\u0119 doskonali\u0107 w mowie i pi\u015bmie, rozbudza\u0107 wyobra\u017ani\u0119, prze\u017cy\u0107 przygod\u0119&#8230; Ksi\u0105\u017cka wci\u0105\u017c wygrywa!<\/p>\n<p style=\"text-align: justify;\">\n<p style=\"text-align: right;\"><em>Renata Piszak-Walczykowska<\/em><\/p>\n","protected":false},"excerpt":{"rendered":"<p>Oskar\u017cenie mia\u0142o wiele dowod\u00f3w, \u015bwiadk\u00f3w przeciw anachroniczno\u015bci Ksi\u0105\u017cki, a ta si\u0119 nie podda\u0142a. Walczy\u0142a dzielnie, odpieraj\u0105c r\u00f3\u017cne zarzuty! W rozprawie s\u0105dowej, kt\u00f3r\u0105 obserwowali uczniowie Zespo\u0142u Szk\u00f3\u0142 w Karlinie 24 maja, w ramach obchod\u00f3w \u015awi\u0119ta Szko\u0142y, Ksi\u0105\u017cka udowodni\u0142a, \u017ce jest potrzebna, ch\u0119tnie czytana, nie jest prze\u017cytkiem i \u015bmia\u0142o konkuruje z komputerem, z r\u00f3\u017cnymi mediami i no\u015bnikami &hellip; <\/p>\n<p><a class=\"more-link btn\" href=\"https:\/\/zskarlino.pl\/?p=10203\">Czytaj dalej<\/a><\/p>\n","protected":false},"author":6,"featured_media":0,"comment_status":"closed","ping_status":"closed","sticky":false,"template":"","format":"standard","meta":{"footnotes":""},"categories":[3],"tags":[],"class_list":["post-10203","post","type-post","status-publish","format-standard","hentry","category-wydarzenia","item-wrap"],"_links":{"self":[{"href":"https:\/\/zskarlino.pl\/index.php?rest_route=\/wp\/v2\/posts\/10203","targetHints":{"allow":["GET"]}}],"collection":[{"href":"https:\/\/zskarlino.pl\/index.php?rest_route=\/wp\/v2\/posts"}],"about":[{"href":"https:\/\/zskarlino.pl\/index.php?rest_route=\/wp\/v2\/types\/post"}],"author":[{"embeddable":true,"href":"https:\/\/zskarlino.pl\/index.php?rest_route=\/wp\/v2\/users\/6"}],"replies":[{"embeddable":true,"href":"https:\/\/zskarlino.pl\/index.php?rest_route=%2Fwp%2Fv2%2Fcomments&post=10203"}],"version-history":[{"count":1,"href":"https:\/\/zskarlino.pl\/index.php?rest_route=\/wp\/v2\/posts\/10203\/revisions"}],"predecessor-version":[{"id":10205,"href":"https:\/\/zskarlino.pl\/index.php?rest_route=\/wp\/v2\/posts\/10203\/revisions\/10205"}],"wp:attachment":[{"href":"https:\/\/zskarlino.pl\/index.php?rest_route=%2Fwp%2Fv2%2Fmedia&parent=10203"}],"wp:term":[{"taxonomy":"category","embeddable":true,"href":"https:\/\/zskarlino.pl\/index.php?rest_route=%2Fwp%2Fv2%2Fcategories&post=10203"},{"taxonomy":"post_tag","embeddable":true,"href":"https:\/\/zskarlino.pl\/index.php?rest_route=%2Fwp%2Fv2%2Ftags&post=10203"}],"curies":[{"name":"wp","href":"https:\/\/api.w.org\/{rel}","templated":true}]}}