{"id":10149,"date":"2018-04-12T15:08:24","date_gmt":"2018-04-12T13:08:24","guid":{"rendered":"http:\/\/zskarlino.pl\/?p=10149"},"modified":"2018-05-29T20:13:40","modified_gmt":"2018-05-29T18:13:40","slug":"nowoczesna-spinka","status":"publish","type":"post","link":"https:\/\/zskarlino.pl\/?p=10149","title":{"rendered":"Nowoczesna SPINKA&#8230;"},"content":{"rendered":"<p style=\"text-align: justify;\">\n<p style=\"text-align: justify;\">Realizowany w Zespole Szk\u00f3\u0142 w Karlinie od wrze\u015bnia 2017 roku projekt edukacyjny \u201eRazem w zawodow\u0105 przysz\u0142o\u015b\u0107\u201d zawiera opr\u00f3cz zaj\u0119\u0107 dydaktycznych z j\u0119zyka obcego-bran\u017cowego dla uczni\u00f3w r\u00f3wnie\u017c wyposa\u017cenie w sprz\u0119t i pomoce do przedmiot\u00f3w zawodowych nowego kierunku technik mechatronik.<\/p>\n<p style=\"text-align: justify;\">Nasza szko\u0142a w ramach realizowanych zaj\u0119\u0107 z doradztwa zawodowego uzyska\u0142a wsparcie materialne na zakup nowoczesnego wyposa\u017cenia do\u00a0SPINKi \u2013 czyli Szkolnego Punktu Informacji i Kariery. Zakupiono komputer stacjonarny, drukark\u0119 kolorow\u0105, tablic\u0119 interaktywn\u0105\u00a0 oraz tablety do indywidualnego wykorzystywania przez uczni\u00f3w w trakcie prowadzonych zaj\u0119\u0107. Tak wyposa\u017cona sala pozwala na prowadzenie konsultacji zawodoznawczych z uwzgl\u0119dnieniem powszechnie stosowanej przez m\u0142odzie\u017c techniki informatycznej. Jest r\u00f3wnie\u017c odpowiedzi\u0105 na wyzwania edukacyjne XXI wieku jakie stawia si\u0119 szkole w obliczu nowych technologii informacyjnych.<\/p>\n<p style=\"text-align: right;\"><em>Z. Pawlik<\/em><\/p>\n<p>&nbsp;<\/p>\n<p><a href=\"http:\/\/zskarlino.pl\/wp-content\/uploads\/2018\/05\/ZS1_0010.jpg\" rel=\"lightbox[10149]\"><img loading=\"lazy\" decoding=\"async\" class=\"alignnone size-medium wp-image-10150\" src=\"http:\/\/zskarlino.pl\/wp-content\/uploads\/2018\/05\/ZS1_0010-300x200.jpg\" alt=\"ZS1_0010\" width=\"300\" height=\"200\" srcset=\"https:\/\/zskarlino.pl\/wp-content\/uploads\/2018\/05\/ZS1_0010-300x200.jpg 300w, https:\/\/zskarlino.pl\/wp-content\/uploads\/2018\/05\/ZS1_0010-1024x683.jpg 1024w\" sizes=\"auto, (max-width: 300px) 100vw, 300px\" \/><\/a> <a href=\"http:\/\/zskarlino.pl\/wp-content\/uploads\/2018\/05\/ZS1_0012.jpg\" rel=\"lightbox[10149]\"><img loading=\"lazy\" decoding=\"async\" class=\"alignnone size-medium wp-image-10152\" src=\"http:\/\/zskarlino.pl\/wp-content\/uploads\/2018\/05\/ZS1_0012-300x200.jpg\" alt=\"ZS1_0012\" width=\"300\" height=\"200\" srcset=\"https:\/\/zskarlino.pl\/wp-content\/uploads\/2018\/05\/ZS1_0012-300x200.jpg 300w, https:\/\/zskarlino.pl\/wp-content\/uploads\/2018\/05\/ZS1_0012-1024x683.jpg 1024w\" sizes=\"auto, (max-width: 300px) 100vw, 300px\" \/><\/a> <a href=\"http:\/\/zskarlino.pl\/wp-content\/uploads\/2018\/05\/ZS1_0014.jpg\" rel=\"lightbox[10149]\"><img loading=\"lazy\" decoding=\"async\" class=\"alignnone size-medium wp-image-10154\" src=\"http:\/\/zskarlino.pl\/wp-content\/uploads\/2018\/05\/ZS1_0014-300x200.jpg\" alt=\"ZS1_0014\" width=\"300\" height=\"200\" srcset=\"https:\/\/zskarlino.pl\/wp-content\/uploads\/2018\/05\/ZS1_0014-300x200.jpg 300w, https:\/\/zskarlino.pl\/wp-content\/uploads\/2018\/05\/ZS1_0014-1024x683.jpg 1024w\" sizes=\"auto, (max-width: 300px) 100vw, 300px\" \/><\/a> \u00a0<a href=\"http:\/\/zskarlino.pl\/wp-content\/uploads\/2018\/05\/ZS1_0017.jpg\" rel=\"lightbox[10149]\"><img loading=\"lazy\" decoding=\"async\" class=\"alignnone size-medium wp-image-10157\" src=\"http:\/\/zskarlino.pl\/wp-content\/uploads\/2018\/05\/ZS1_0017-300x134.jpg\" alt=\"ZS1_0017\" width=\"300\" height=\"134\" srcset=\"https:\/\/zskarlino.pl\/wp-content\/uploads\/2018\/05\/ZS1_0017-300x134.jpg 300w, https:\/\/zskarlino.pl\/wp-content\/uploads\/2018\/05\/ZS1_0017-1024x458.jpg 1024w\" sizes=\"auto, (max-width: 300px) 100vw, 300px\" \/><\/a><\/p>\n","protected":false},"excerpt":{"rendered":"<p>Realizowany w Zespole Szk\u00f3\u0142 w Karlinie od wrze\u015bnia 2017 roku projekt edukacyjny \u201eRazem w zawodow\u0105 przysz\u0142o\u015b\u0107\u201d zawiera opr\u00f3cz zaj\u0119\u0107 dydaktycznych z j\u0119zyka obcego-bran\u017cowego dla uczni\u00f3w r\u00f3wnie\u017c wyposa\u017cenie w sprz\u0119t i pomoce do przedmiot\u00f3w zawodowych nowego kierunku technik mechatronik. Nasza szko\u0142a w ramach realizowanych zaj\u0119\u0107 z doradztwa zawodowego uzyska\u0142a wsparcie materialne na zakup nowoczesnego wyposa\u017cenia do\u00a0SPINKi &hellip; <\/p>\n<p><a class=\"more-link btn\" href=\"https:\/\/zskarlino.pl\/?p=10149\">Czytaj dalej<\/a><\/p>\n","protected":false},"author":8,"featured_media":0,"comment_status":"closed","ping_status":"closed","sticky":false,"template":"","format":"standard","meta":{"footnotes":""},"categories":[3],"tags":[],"class_list":["post-10149","post","type-post","status-publish","format-standard","hentry","category-wydarzenia","item-wrap"],"_links":{"self":[{"href":"https:\/\/zskarlino.pl\/index.php?rest_route=\/wp\/v2\/posts\/10149","targetHints":{"allow":["GET"]}}],"collection":[{"href":"https:\/\/zskarlino.pl\/index.php?rest_route=\/wp\/v2\/posts"}],"about":[{"href":"https:\/\/zskarlino.pl\/index.php?rest_route=\/wp\/v2\/types\/post"}],"author":[{"embeddable":true,"href":"https:\/\/zskarlino.pl\/index.php?rest_route=\/wp\/v2\/users\/8"}],"replies":[{"embeddable":true,"href":"https:\/\/zskarlino.pl\/index.php?rest_route=%2Fwp%2Fv2%2Fcomments&post=10149"}],"version-history":[{"count":4,"href":"https:\/\/zskarlino.pl\/index.php?rest_route=\/wp\/v2\/posts\/10149\/revisions"}],"predecessor-version":[{"id":10233,"href":"https:\/\/zskarlino.pl\/index.php?rest_route=\/wp\/v2\/posts\/10149\/revisions\/10233"}],"wp:attachment":[{"href":"https:\/\/zskarlino.pl\/index.php?rest_route=%2Fwp%2Fv2%2Fmedia&parent=10149"}],"wp:term":[{"taxonomy":"category","embeddable":true,"href":"https:\/\/zskarlino.pl\/index.php?rest_route=%2Fwp%2Fv2%2Fcategories&post=10149"},{"taxonomy":"post_tag","embeddable":true,"href":"https:\/\/zskarlino.pl\/index.php?rest_route=%2Fwp%2Fv2%2Ftags&post=10149"}],"curies":[{"name":"wp","href":"https:\/\/api.w.org\/{rel}","templated":true}]}}