{"id":10081,"date":"2018-04-20T00:02:30","date_gmt":"2018-04-19T22:02:30","guid":{"rendered":"http:\/\/zskarlino.pl\/?p=10081"},"modified":"2018-05-29T20:13:16","modified_gmt":"2018-05-29T18:13:16","slug":"projekt-krakow-2018","status":"publish","type":"post","link":"https:\/\/zskarlino.pl\/?p=10081","title":{"rendered":"Projekt \u201eKrak\u00f3w 2018\u201d"},"content":{"rendered":"<p style=\"text-align: justify;\">\n<p style=\"text-align: justify;\">Kwiecie\u0144 jest tradycyjnym miesi\u0105cem, w kt\u00f3rym m\u0142odzie\u017c z naszego Zespo\u0142u Szk\u00f3\u0142 spotyka si\u0119 od wielu lat z r\u00f3wie\u015bnikami z GKC z Gnosjo we Szwecji w pi\u0119knej stolicy Ma\u0142opolski. Trzy ostanie wyjazdy organizujemy wsp\u00f3lnie z m\u0142odzie\u017c\u0105 z zaprzyja\u017anionego ZSP w Tychowie. R\u00f3wnie\u017c w tym roku wyruszyli\u015bmy wczesnym rankiem 9.kwietnia na spotkanie z przygod\u0105 i szwedzkimi przyjaci\u00f3\u0142mi.<\/p>\n<p><a href=\"http:\/\/zskarlino.pl\/wp-content\/uploads\/2018\/05\/IMG_49891.jpg\" rel=\"lightbox[10081]\"><img loading=\"lazy\" decoding=\"async\" class=\"alignnone size-medium wp-image-10082\" src=\"http:\/\/zskarlino.pl\/wp-content\/uploads\/2018\/05\/IMG_49891-300x225.jpg\" alt=\"IMG_4989[1]\" width=\"300\" height=\"225\" srcset=\"https:\/\/zskarlino.pl\/wp-content\/uploads\/2018\/05\/IMG_49891-300x225.jpg 300w, https:\/\/zskarlino.pl\/wp-content\/uploads\/2018\/05\/IMG_49891-1024x768.jpg 1024w\" sizes=\"auto, (max-width: 300px) 100vw, 300px\" \/><\/a> <a href=\"http:\/\/zskarlino.pl\/wp-content\/uploads\/2018\/05\/IMG_49901.jpg\" rel=\"lightbox[10081]\"><img loading=\"lazy\" decoding=\"async\" class=\"alignnone size-medium wp-image-10083\" src=\"http:\/\/zskarlino.pl\/wp-content\/uploads\/2018\/05\/IMG_49901-300x225.jpg\" alt=\"IMG_4990[1]\" width=\"300\" height=\"225\" srcset=\"https:\/\/zskarlino.pl\/wp-content\/uploads\/2018\/05\/IMG_49901-300x225.jpg 300w, https:\/\/zskarlino.pl\/wp-content\/uploads\/2018\/05\/IMG_49901-1024x768.jpg 1024w\" sizes=\"auto, (max-width: 300px) 100vw, 300px\" \/><\/a><\/p>\n<p style=\"text-align: justify;\">Wyjazd poza walorami turystycznym i krajoznawczym ma te\u017c przys\u0142u\u017cy\u0107 pog\u0142\u0119bianiu naszych kompetencji j\u0119zykowych oraz poznawaniu odmiennych kultur, kt\u00f3re mog\u0105 s\u0142u\u017cy\u0107 budowaniu wi\u0119zi pomi\u0119dzy naszymi narodami. Dlatego te\u017c pierwsze popo\u0142udnie sp\u0119dzili\u015bmy na wiele ucz\u0105cej grze miejskiej, kt\u00f3ra polega\u0142a na odnalezieniu kilku najcharakterystyczniejszych miejsc w obr\u0119bie rynku krakowskiego w mieszanych zespo\u0142ach polsko-szwedzkich.<\/p>\n<p><a href=\"http:\/\/zskarlino.pl\/wp-content\/uploads\/2018\/05\/IMG_49971.jpg\" rel=\"lightbox[10081]\"><img loading=\"lazy\" decoding=\"async\" class=\"alignnone size-medium wp-image-10085\" src=\"http:\/\/zskarlino.pl\/wp-content\/uploads\/2018\/05\/IMG_49971-300x225.jpg\" alt=\"IMG_4997[1]\" width=\"300\" height=\"225\" srcset=\"https:\/\/zskarlino.pl\/wp-content\/uploads\/2018\/05\/IMG_49971-300x225.jpg 300w, https:\/\/zskarlino.pl\/wp-content\/uploads\/2018\/05\/IMG_49971-1024x768.jpg 1024w\" sizes=\"auto, (max-width: 300px) 100vw, 300px\" \/><\/a> <a href=\"http:\/\/zskarlino.pl\/wp-content\/uploads\/2018\/05\/IMG_49931.jpg\" rel=\"lightbox[10081]\"><img loading=\"lazy\" decoding=\"async\" class=\"alignnone size-medium wp-image-10086\" src=\"http:\/\/zskarlino.pl\/wp-content\/uploads\/2018\/05\/IMG_49931-300x225.jpg\" alt=\"IMG_4993[1]\" width=\"300\" height=\"225\" srcset=\"https:\/\/zskarlino.pl\/wp-content\/uploads\/2018\/05\/IMG_49931-300x225.jpg 300w, https:\/\/zskarlino.pl\/wp-content\/uploads\/2018\/05\/IMG_49931-1024x768.jpg 1024w\" sizes=\"auto, (max-width: 300px) 100vw, 300px\" \/><\/a><\/p>\n<p style=\"text-align: justify;\">Nast\u0119pny dzie\u0144 po\u015bwi\u0119cony by\u0142 wsp\u00f3lnemu pog\u0142\u0119bieniu znajomo\u015bci zagadnienia Holokaustu oraz tematyki oboz\u00f3w zag\u0142ady. Niezwykle trudne i wa\u017cne tematy poprzedzone by\u0142y wsp\u00f3lnymi warsztatami zako\u0144czonymi wykonaniem has\u0142a: \u201eNigdy wi\u0119cej\u201d w trzech j\u0119zykach: polskim, szwedzkim i angielskim. Has\u0142a zabrali\u015bmy ze sob\u0105 i postanowili\u015bmy uwieczni\u0107 na wsp\u00f3lnej fotografii na terenie obozu Auschwitz-Birkenau. Przy tej okazji chcieliby\u015bmy bardzo podzi\u0119kowa\u0107 naszemu edukatorowi, panu Igorowi Bartosikowi, za niezwykle poruszaj\u0105c\u0105 podr\u00f3\u017c po tym wyj\u0105tkowym miejscu, dzi\u0119ki przytoczeniu wielu relacji naocznych \u015bwiadk\u00f3w okrucie\u0144stw, kt\u00f3re tam si\u0119 odbywa\u0142y. Rzetelnie, rzeczowo, ale bez nadmiernego patosu \u2013 wzorcowa edukacja!<\/p>\n<p><a href=\"http:\/\/zskarlino.pl\/wp-content\/uploads\/2018\/05\/IMG_5004.jpg\" rel=\"lightbox[10081]\"><img loading=\"lazy\" decoding=\"async\" class=\"alignnone size-medium wp-image-10087\" src=\"http:\/\/zskarlino.pl\/wp-content\/uploads\/2018\/05\/IMG_5004-300x225.jpg\" alt=\"IMG_5004\" width=\"300\" height=\"225\" srcset=\"https:\/\/zskarlino.pl\/wp-content\/uploads\/2018\/05\/IMG_5004-300x225.jpg 300w, https:\/\/zskarlino.pl\/wp-content\/uploads\/2018\/05\/IMG_5004-1024x768.jpg 1024w\" sizes=\"auto, (max-width: 300px) 100vw, 300px\" \/><\/a> <a href=\"http:\/\/zskarlino.pl\/wp-content\/uploads\/2018\/05\/IMG_5009.jpg\" rel=\"lightbox[10081]\"><img loading=\"lazy\" decoding=\"async\" class=\"alignnone size-medium wp-image-10088\" src=\"http:\/\/zskarlino.pl\/wp-content\/uploads\/2018\/05\/IMG_5009-300x225.jpg\" alt=\"IMG_5009\" width=\"300\" height=\"225\" srcset=\"https:\/\/zskarlino.pl\/wp-content\/uploads\/2018\/05\/IMG_5009-300x225.jpg 300w, https:\/\/zskarlino.pl\/wp-content\/uploads\/2018\/05\/IMG_5009-1024x768.jpg 1024w\" sizes=\"auto, (max-width: 300px) 100vw, 300px\" \/><\/a> <a href=\"http:\/\/zskarlino.pl\/wp-content\/uploads\/2018\/05\/IMG_5095.jpg\" rel=\"lightbox[10081]\"><img loading=\"lazy\" decoding=\"async\" class=\"alignnone size-medium wp-image-10089\" src=\"http:\/\/zskarlino.pl\/wp-content\/uploads\/2018\/05\/IMG_5095-300x225.jpg\" alt=\"IMG_5095\" width=\"300\" height=\"225\" srcset=\"https:\/\/zskarlino.pl\/wp-content\/uploads\/2018\/05\/IMG_5095-300x225.jpg 300w, https:\/\/zskarlino.pl\/wp-content\/uploads\/2018\/05\/IMG_5095-1024x768.jpg 1024w\" sizes=\"auto, (max-width: 300px) 100vw, 300px\" \/><\/a><a href=\"http:\/\/zskarlino.pl\/wp-content\/uploads\/2018\/04\/IMG_5084.jpg\" rel=\"lightbox[10081]\"><img loading=\"lazy\" decoding=\"async\" class=\"alignnone size-medium wp-image-10100\" src=\"http:\/\/zskarlino.pl\/wp-content\/uploads\/2018\/04\/IMG_5084-300x225.jpg\" alt=\"IMG_5084\" width=\"300\" height=\"225\" srcset=\"https:\/\/zskarlino.pl\/wp-content\/uploads\/2018\/04\/IMG_5084-300x225.jpg 300w, https:\/\/zskarlino.pl\/wp-content\/uploads\/2018\/04\/IMG_5084-1024x768.jpg 1024w\" sizes=\"auto, (max-width: 300px) 100vw, 300px\" \/><\/a><\/p>\n<p style=\"text-align: justify;\">Wsp\u00f3lna \u015broda up\u0142yn\u0119\u0142a nam na podziwianiu najwa\u017cniejszych miejsc w Krakowie \u2013 Wzg\u00f3rza Wawelskiego \u2013 z Katedr\u0105 oraz Zamkiem, a tak\u017ce jednej z pere\u0142 naszego dziedzictwa \u2013 Kopalni Soli w Wieliczce. Dodatkow\u0105 atrakcj\u0105 i wyzwaniem by\u0142a podr\u00f3\u017c blisko 50-osobow\u0105 grup\u0105 \u015brodkami krakowskiej komunikacji miejskiej.<\/p>\n<p><a href=\"http:\/\/zskarlino.pl\/wp-content\/uploads\/2018\/05\/IMG_5115.jpg\" rel=\"lightbox[10081]\"><img loading=\"lazy\" decoding=\"async\" class=\"alignnone size-medium wp-image-10090\" src=\"http:\/\/zskarlino.pl\/wp-content\/uploads\/2018\/05\/IMG_5115-300x225.jpg\" alt=\"IMG_5115\" width=\"300\" height=\"225\" srcset=\"https:\/\/zskarlino.pl\/wp-content\/uploads\/2018\/05\/IMG_5115-300x225.jpg 300w, https:\/\/zskarlino.pl\/wp-content\/uploads\/2018\/05\/IMG_5115-1024x768.jpg 1024w\" sizes=\"auto, (max-width: 300px) 100vw, 300px\" \/><\/a> <a href=\"http:\/\/zskarlino.pl\/wp-content\/uploads\/2018\/05\/IMG_5126.jpg\" rel=\"lightbox[10081]\"><img loading=\"lazy\" decoding=\"async\" class=\"alignnone size-medium wp-image-10091\" src=\"http:\/\/zskarlino.pl\/wp-content\/uploads\/2018\/05\/IMG_5126-300x225.jpg\" alt=\"IMG_5126\" width=\"300\" height=\"225\" srcset=\"https:\/\/zskarlino.pl\/wp-content\/uploads\/2018\/05\/IMG_5126-300x225.jpg 300w, https:\/\/zskarlino.pl\/wp-content\/uploads\/2018\/05\/IMG_5126-1024x768.jpg 1024w\" sizes=\"auto, (max-width: 300px) 100vw, 300px\" \/><\/a> <a href=\"http:\/\/zskarlino.pl\/wp-content\/uploads\/2018\/05\/IMG_5139.jpg\" rel=\"lightbox[10081]\"><img loading=\"lazy\" decoding=\"async\" class=\"alignnone size-medium wp-image-10092\" src=\"http:\/\/zskarlino.pl\/wp-content\/uploads\/2018\/05\/IMG_5139-300x225.jpg\" alt=\"IMG_5139\" width=\"300\" height=\"225\" srcset=\"https:\/\/zskarlino.pl\/wp-content\/uploads\/2018\/05\/IMG_5139-300x225.jpg 300w, https:\/\/zskarlino.pl\/wp-content\/uploads\/2018\/05\/IMG_5139-1024x768.jpg 1024w\" sizes=\"auto, (max-width: 300px) 100vw, 300px\" \/><\/a> <a href=\"http:\/\/zskarlino.pl\/wp-content\/uploads\/2018\/05\/IMG_5147.jpg\" rel=\"lightbox[10081]\"><img loading=\"lazy\" decoding=\"async\" class=\"alignnone size-medium wp-image-10093\" src=\"http:\/\/zskarlino.pl\/wp-content\/uploads\/2018\/05\/IMG_5147-300x225.jpg\" alt=\"IMG_5147\" width=\"300\" height=\"225\" srcset=\"https:\/\/zskarlino.pl\/wp-content\/uploads\/2018\/05\/IMG_5147-300x225.jpg 300w, https:\/\/zskarlino.pl\/wp-content\/uploads\/2018\/05\/IMG_5147-1024x768.jpg 1024w\" sizes=\"auto, (max-width: 300px) 100vw, 300px\" \/><\/a><\/p>\n<p style=\"text-align: justify;\">Przedostatni dzie\u0144 naszego wsp\u00f3lnego pobytu w Krakowie to podr\u00f3\u017c przez krakowski Kazimierz, z jego \u017cydowsk\u0105 histori\u0105 zako\u0144czony wizyt\u0105 w Muzeum znajduj\u0105cej si\u0119 w starej Fabryce Oskara Schindlera. Natomiast ostatni wiecz\u00f3r w Krakowie sp\u0119dzili\u015bmy wsp\u00f3lnie spaceruj\u0105c urokliwymi uliczkami wok\u00f3\u0142 rynku. Cudownie ciep\u0142y wiecz\u00f3r sprzyja\u0142 r\u00f3wnie\u017c chwilom sp\u0119dzonym na krakowskich b\u0142oniach. Podsumowali\u015bmy r\u00f3wnie\u017c nasz pobyt ze szwedzkimi partnerami i rozstrzygni\u0119ty zosta\u0142 konkurs z pierwszego dnia pobytu, a najuczciwiej pracuj\u0105ce grupy zosta\u0142y nagrodzone upominkami.<\/p>\n<p><a href=\"http:\/\/zskarlino.pl\/wp-content\/uploads\/2018\/05\/IMG_5161.jpg\" rel=\"lightbox[10081]\"><img loading=\"lazy\" decoding=\"async\" class=\"alignnone size-medium wp-image-10094\" src=\"http:\/\/zskarlino.pl\/wp-content\/uploads\/2018\/05\/IMG_5161-300x225.jpg\" alt=\"IMG_5161\" width=\"300\" height=\"225\" srcset=\"https:\/\/zskarlino.pl\/wp-content\/uploads\/2018\/05\/IMG_5161-300x225.jpg 300w, https:\/\/zskarlino.pl\/wp-content\/uploads\/2018\/05\/IMG_5161-1024x768.jpg 1024w\" sizes=\"auto, (max-width: 300px) 100vw, 300px\" \/><\/a> <a href=\"http:\/\/zskarlino.pl\/wp-content\/uploads\/2018\/05\/IMG_5179.jpg\" rel=\"lightbox[10081]\"><img loading=\"lazy\" decoding=\"async\" class=\"alignnone size-medium wp-image-10096\" src=\"http:\/\/zskarlino.pl\/wp-content\/uploads\/2018\/05\/IMG_5179-300x225.jpg\" alt=\"IMG_5179\" width=\"300\" height=\"225\" srcset=\"https:\/\/zskarlino.pl\/wp-content\/uploads\/2018\/05\/IMG_5179-300x225.jpg 300w, https:\/\/zskarlino.pl\/wp-content\/uploads\/2018\/05\/IMG_5179-1024x768.jpg 1024w\" sizes=\"auto, (max-width: 300px) 100vw, 300px\" \/><\/a> <a href=\"http:\/\/zskarlino.pl\/wp-content\/uploads\/2018\/05\/IMG_5192.jpg\" rel=\"lightbox[10081]\"><img loading=\"lazy\" decoding=\"async\" class=\"alignnone size-medium wp-image-10097\" src=\"http:\/\/zskarlino.pl\/wp-content\/uploads\/2018\/05\/IMG_5192-300x225.jpg\" alt=\"IMG_5192\" width=\"300\" height=\"225\" srcset=\"https:\/\/zskarlino.pl\/wp-content\/uploads\/2018\/05\/IMG_5192-300x225.jpg 300w, https:\/\/zskarlino.pl\/wp-content\/uploads\/2018\/05\/IMG_5192-1024x768.jpg 1024w\" sizes=\"auto, (max-width: 300px) 100vw, 300px\" \/><\/a> <a href=\"http:\/\/zskarlino.pl\/wp-content\/uploads\/2018\/05\/IMG_5250.jpg\" rel=\"lightbox[10081]\"><img loading=\"lazy\" decoding=\"async\" class=\"alignnone size-medium wp-image-10098\" src=\"http:\/\/zskarlino.pl\/wp-content\/uploads\/2018\/05\/IMG_5250-300x225.jpg\" alt=\"IMG_5250\" width=\"300\" height=\"225\" srcset=\"https:\/\/zskarlino.pl\/wp-content\/uploads\/2018\/05\/IMG_5250-300x225.jpg 300w, https:\/\/zskarlino.pl\/wp-content\/uploads\/2018\/05\/IMG_5250-1024x768.jpg 1024w\" sizes=\"auto, (max-width: 300px) 100vw, 300px\" \/><\/a><\/p>\n<p style=\"text-align: justify;\">Pi\u0105tek to dzie\u0144 po\u017cegna\u0144 i wyjazdu. Rano odwiedzili\u015bmy jeszcze urokliwe Muzeum w Podziemiach, a nast\u0119pnie udali\u015bmy si\u0119 w podr\u00f3\u017c powrotn\u0105 do domu \u2013 my na dworzec PKP, natomiast Szwedzi na lotnisko\u2026i tradycyjnie do swojego celu dotarli\u015bmy trzy godziny p\u00f3\u017aniej ni\u017c nasi przyjaciele\u2026<\/p>\n<p style=\"text-align: justify;\">Cudowny tydzie\u0144, pi\u0119kna pogoda, niezapomniane wra\u017cenia i przyja\u017anie, kt\u00f3re mamy nadziej\u0119, \u017ce jeszcze d\u0142ugo przetrwaj\u0105. Dzi\u0119kuj\u0119 mojej cudownej grupie \u2013 za wzorow\u0105 postaw\u0119 i bezwzgl\u0119dne zdyscyplinowanie. Podr\u00f3\u017cowa\u0107 z Wami to prawdziwa przyjemno\u015b\u0107!<\/p>\n<p style=\"text-align: right;\"><em>koordynator wymiany: Justyna Syga<\/em><\/p>\n","protected":false},"excerpt":{"rendered":"<p>Kwiecie\u0144 jest tradycyjnym miesi\u0105cem, w kt\u00f3rym m\u0142odzie\u017c z naszego Zespo\u0142u Szk\u00f3\u0142 spotyka si\u0119 od wielu lat z r\u00f3wie\u015bnikami z GKC z Gnosjo we Szwecji w pi\u0119knej stolicy Ma\u0142opolski. Trzy ostanie wyjazdy organizujemy wsp\u00f3lnie z m\u0142odzie\u017c\u0105 z zaprzyja\u017anionego ZSP w Tychowie. R\u00f3wnie\u017c w tym roku wyruszyli\u015bmy wczesnym rankiem 9.kwietnia na spotkanie z przygod\u0105 i szwedzkimi przyjaci\u00f3\u0142mi. &hellip; <\/p>\n<p><a class=\"more-link btn\" href=\"https:\/\/zskarlino.pl\/?p=10081\">Czytaj dalej<\/a><\/p>\n","protected":false},"author":8,"featured_media":0,"comment_status":"closed","ping_status":"closed","sticky":false,"template":"","format":"standard","meta":{"footnotes":""},"categories":[3],"tags":[],"class_list":["post-10081","post","type-post","status-publish","format-standard","hentry","category-wydarzenia","item-wrap"],"_links":{"self":[{"href":"https:\/\/zskarlino.pl\/index.php?rest_route=\/wp\/v2\/posts\/10081","targetHints":{"allow":["GET"]}}],"collection":[{"href":"https:\/\/zskarlino.pl\/index.php?rest_route=\/wp\/v2\/posts"}],"about":[{"href":"https:\/\/zskarlino.pl\/index.php?rest_route=\/wp\/v2\/types\/post"}],"author":[{"embeddable":true,"href":"https:\/\/zskarlino.pl\/index.php?rest_route=\/wp\/v2\/users\/8"}],"replies":[{"embeddable":true,"href":"https:\/\/zskarlino.pl\/index.php?rest_route=%2Fwp%2Fv2%2Fcomments&post=10081"}],"version-history":[{"count":3,"href":"https:\/\/zskarlino.pl\/index.php?rest_route=\/wp\/v2\/posts\/10081\/revisions"}],"predecessor-version":[{"id":10232,"href":"https:\/\/zskarlino.pl\/index.php?rest_route=\/wp\/v2\/posts\/10081\/revisions\/10232"}],"wp:attachment":[{"href":"https:\/\/zskarlino.pl\/index.php?rest_route=%2Fwp%2Fv2%2Fmedia&parent=10081"}],"wp:term":[{"taxonomy":"category","embeddable":true,"href":"https:\/\/zskarlino.pl\/index.php?rest_route=%2Fwp%2Fv2%2Fcategories&post=10081"},{"taxonomy":"post_tag","embeddable":true,"href":"https:\/\/zskarlino.pl\/index.php?rest_route=%2Fwp%2Fv2%2Ftags&post=10081"}],"curies":[{"name":"wp","href":"https:\/\/api.w.org\/{rel}","templated":true}]}}