{"id":10074,"date":"2018-03-26T22:53:41","date_gmt":"2018-03-26T20:53:41","guid":{"rendered":"http:\/\/zskarlino.pl\/?p=10074"},"modified":"2018-05-29T10:11:21","modified_gmt":"2018-05-29T08:11:21","slug":"pierwszy-dzien-wiosny-z-przedsiebiorczoscia-w-tle","status":"publish","type":"post","link":"https:\/\/zskarlino.pl\/?p=10074","title":{"rendered":"Pierwszy Dzie\u0144 Wiosny z Przedsi\u0119biorczo\u015bci\u0105 w tle"},"content":{"rendered":"<p><a href=\"http:\/\/zskarlino.pl\/wp-content\/uploads\/2018\/05\/banner-1.jpg\" rel=\"lightbox[10074]\"><img loading=\"lazy\" decoding=\"async\" class=\"wp-image-10075 aligncenter\" src=\"http:\/\/zskarlino.pl\/wp-content\/uploads\/2018\/05\/banner-1-300x71.jpg\" alt=\"banner-1\" width=\"490\" height=\"116\" srcset=\"https:\/\/zskarlino.pl\/wp-content\/uploads\/2018\/05\/banner-1-300x71.jpg 300w, https:\/\/zskarlino.pl\/wp-content\/uploads\/2018\/05\/banner-1-1024x241.jpg 1024w, https:\/\/zskarlino.pl\/wp-content\/uploads\/2018\/05\/banner-1.jpg 1911w\" sizes=\"auto, (max-width: 490px) 100vw, 490px\" \/><\/a><\/p>\n<p>21 marca 2018 roku odby\u0142a si\u0119 XV edycja og\u00f3lnopolskiego programu Fundacji M\u0142odzie\u017cowej Przedsi\u0119biorczo\u015bci \u201eDzie\u0144 Przedsi\u0119biorczo\u015bci\u201d. Ta inicjatywa wielokrotnie nagradzana by\u0142a w konkursach i uznana za <strong>Najlepsz\u0105 Inicjatyw\u0119 Obywatelsk\u0105 Pro Publico Bono <\/strong>w kategorii Inicjatywy Edukacyjne, st\u0105d te\u017c od wielu lat obj\u0119ta jest honorowym patronatem Prezydenta Rzeczypospolitej Polskiej \u00a0Intencj\u0105 projektu jest promowanie postaw przedsi\u0119biorczych w\u015br\u00f3d m\u0142odzie\u017cy oraz zach\u0119canie do aktywno\u015bci w poszukiwaniu przysz\u0142ego miejsca na rynku pracy. Uczniowie naszego Liceum oraz Technikum kolejny raz wyrazili ch\u0119\u0107 wzi\u0119cia udzia\u0142u w projekcie i zdecydowana wi\u0119kszo\u015b\u0107 z nich sp\u0119dzi\u0142a pierwszy dzie\u0144 wiosny w nietypowy dla szko\u0142y spos\u00f3b.18 przedsi\u0119biorstw i instytucji z regionu zdecydowa\u0142o si\u0119 przyj\u0105\u0107 naszych uczni\u00f3w na kilkugodzinne praktyki, w trakcie kt\u00f3rych mogli oni zapozna\u0107 si\u0119 ze specyfik\u0105 i wymaganiami na r\u00f3\u017cnych stanowiskach pracy, tak aby zweryfikowa\u0107 swoje plany dotycz\u0105ce dalszej drogi kszta\u0142cenia i wybranej kariery zawodowej. Uczniowie efektywnie wykorzystali ten czas i ch\u0119tnie dzielili si\u0119 swoimi spostrze\u017ceniami na podsumowuj\u0105cych projekt lekcjach podstaw przedsi\u0119biorczo\u015bci. Wielu z nich ma ju\u017c pomys\u0142y na przysz\u0142oroczny dzie\u0144 przedsi\u0119biorczo\u015bci!<\/p>\n<p>Bardzo serdecznie dzi\u0119kujemy instytucjom, kt\u00f3re wielokrotnie w\u0142\u0105cza\u0142y si\u0119 w proces edukacyjno-zawodoznawczy naszych uczni\u00f3w, aby u\u0142atwi\u0107 im przysz\u0142e decyzje. Szczeg\u00f3lnie dzi\u0119kujemy konsultantom-wolontariuszom z przedsi\u0119biorstwom i instytucjom, w kt\u00f3rych nasi uczniowie mogli w bie\u017c\u0105cym roku odby\u0107 swoje praktyki, kt\u00f3rzy opiekowali si\u0119 naszymi uczniami i udzielali im wyczerpuj\u0105cych informacji na temat swoich instytucji (lista instytucji przedstawiona jest poni\u017cej).<\/p>\n<p>Wi\u0119cej informacji na temat projektu znajduje si\u0119 na stronie: <a href=\"https:\/\/dzien-przedsiebiorczosci.junior.org.pl\/\" target=\"_blank\" rel=\"noopener\">https:\/\/dzien-przedsiebiorczosci.junior.org.pl\/<\/a><\/p>\n<p>Poni\u017cej przedstawiam wybrane prezentacje przygotowane przez uczni\u00f3w:<\/p>\n<p><a href=\"http:\/\/zskarlino.pl\/wp-content\/uploads\/2018\/03\/Dzie\u0144-przedsi\u0119biorczo\u015bci-prezentacja.pps\">Dzie\u0144 przedsi\u0119biorczo\u015bci prezentacja<\/a><\/p>\n<p><a href=\"http:\/\/zskarlino.pl\/wp-content\/uploads\/2018\/03\/DZIE\u0143-PRZEDSI\u0118BIORCZO\u015aCI_-GABINET-KOSMETYCZNY.pdf\">DZIE\u0143 PRZEDSI\u0118BIORCZO\u015aCI_ GABINET KOSMETYCZNY<\/a><\/p>\n<p><a href=\"http:\/\/zskarlino.pl\/wp-content\/uploads\/2018\/03\/DZIE\u0143-PRZEDSI\u0118BIORCZO\u015aCI_FIRMA-SPEDYCYJNA.pdf\">DZIE\u0143 PRZEDSI\u0118BIORCZO\u015aCI_FIRMA SPEDYCYJNA<\/a><\/p>\n<p style=\"text-align: right;\">Szkolny koordynator projektu: Justyna Syga<\/p>\n<table width=\"98%\">\n<tbody>\n<tr>\n<td width=\"45%\"><strong>Nazwa firmy<\/strong><\/td>\n<td width=\"43%\"><strong>stanowisko<\/strong><\/td>\n<td width=\"10%\"><strong>klasa<\/strong><\/td>\n<\/tr>\n<tr>\n<td width=\"45%\">BIO-CENTRUM ZDROWIA Bia\u0142ogard<\/td>\n<td width=\"43%\">trener personalny<\/td>\n<td width=\"10%\">III LO<\/td>\n<\/tr>\n<tr>\n<td width=\"45%\"><a href=\"https:\/\/dzien-przedsiebiorczosci.junior.org.pl\/pl\/firma,edycja-9417\" target=\"_blank\" rel=\"noopener\">Gabinet Kosmetyczny &#8222;Justin&#8221;<\/a> w Bia\u0142ogardzie<\/td>\n<td width=\"43%\">asystent<\/td>\n<td width=\"10%\">I TM<\/td>\n<\/tr>\n<tr>\n<td width=\"45%\"><a href=\"https:\/\/dzien-przedsiebiorczosci.junior.org.pl\/pl\/firma,edycja-9416\" target=\"_blank\" rel=\"noopener\">Imperial sp. z o.o. sp. k.<\/a> w Bia\u0142ogardzie<\/td>\n<td width=\"43%\">pracownik nadzoruj\u0105cy proces wytworzenia lampy o\u015bwietleniowej<\/td>\n<td width=\"10%\">I TM<\/td>\n<\/tr>\n<tr>\n<td width=\"45%\">Komenda Powiatowa Pa\u0144stwowej Stra\u017cy Po\u017carnej w Bia\u0142ogardzie<\/td>\n<td width=\"43%\">stra\u017cak<\/td>\n<td width=\"10%\">II LO<\/p>\n<p>I TM<\/td>\n<\/tr>\n<tr>\n<td width=\"45%\"><a href=\"https:\/\/dzien-przedsiebiorczosci.junior.org.pl\/pl\/firma,edycja-9415\" target=\"_blank\" rel=\"noopener\">Kronospan<\/a> S.A. Szczecinek<\/td>\n<td width=\"43%\">operator maszyny CNC<\/td>\n<td width=\"10%\">I TM<\/td>\n<\/tr>\n<tr>\n<td width=\"45%\">Miejska i Gminna Biblioteka Publiczna im. Zofii Na\u0142kowskiej w Karlinie<\/td>\n<td width=\"43%\">bibliotekarz<\/td>\n<td width=\"10%\">III LO<\/td>\n<\/tr>\n<tr>\n<td width=\"45%\"><a href=\"https:\/\/dzien-przedsiebiorczosci.junior.org.pl\/pl\/firma,edycja-9421\" target=\"_blank\" rel=\"noopener\">&#8222;MARKOS&#8221;<\/a><\/td>\n<td width=\"43%\">elektyk<\/td>\n<td width=\"10%\">I TM<\/td>\n<\/tr>\n<tr>\n<td width=\"45%\"><a href=\"https:\/\/dzien-przedsiebiorczosci.junior.org.pl\/pl\/firma,edycja-9418\" target=\"_blank\" rel=\"noopener\">MOTO-US\u0141UGI<\/a> w Bia\u0142ogardzie<\/td>\n<td width=\"43%\">sprzedawca<\/td>\n<td width=\"10%\">I TM<\/td>\n<\/tr>\n<tr>\n<td width=\"45%\">Oddzia\u0142 Zewn\u0119trzny w Dobrowie Aresztu \u015aledczego w Koszalinie<\/td>\n<td width=\"43%\">stra\u017cnik, wychowawca, oddzia\u0142owy, bramowy, spacerowy<\/td>\n<td width=\"10%\">III LO<\/td>\n<\/tr>\n<tr>\n<td width=\"45%\">PHU &#8222;Magery&#8221; Karlino<\/td>\n<td width=\"43%\">pomocnik stolarza<\/td>\n<td width=\"10%\">II LO<\/td>\n<\/tr>\n<tr>\n<td width=\"45%\">Sklep Spo\u017cywczo-Przemys\u0142owy (Karwin)<\/td>\n<td width=\"43%\">sprzedawca<\/td>\n<td width=\"10%\">II LO<\/td>\n<\/tr>\n<tr>\n<td width=\"45%\">Starostwo Powiatowe w Bia\u0142ogardzie<\/td>\n<td width=\"43%\">pomoc administracyjna<\/td>\n<td width=\"10%\">II LO<\/td>\n<\/tr>\n<tr>\n<td width=\"45%\">\u015arodkowopomorskie Centrum Zdrowia Psychicznego w Koszalinie<\/td>\n<td width=\"43%\">psycholog,<\/td>\n<td width=\"10%\">III LO<\/td>\n<\/tr>\n<tr>\n<td width=\"45%\">Urz\u0105d Miejski w Karlinie<\/td>\n<td width=\"43%\">stanowisko ds. informatycznych<\/td>\n<td width=\"10%\">II LO<\/td>\n<\/tr>\n<tr>\n<td width=\"45%\"><a href=\"https:\/\/dzien-przedsiebiorczosci.junior.org.pl\/pl\/firma,edycja-9420\" target=\"_blank\" rel=\"noopener\">US\u0141UGI WETERYNARYJNE<\/a> w Karlinie Lubomir Kolbusz<\/td>\n<td width=\"43%\">pomoc weterynaryjna<\/td>\n<td width=\"10%\">I TM<\/td>\n<\/tr>\n<tr>\n<td width=\"45%\">Us\u0142ugowy Zak\u0142ad Og\u00f3lnobudowlany<\/td>\n<td width=\"43%\">pomoc hydraulika<\/td>\n<td width=\"10%\">I TM<\/td>\n<\/tr>\n<tr>\n<td width=\"45%\">West Trans Sp. z o.o. (Bia\u0142ogard)<\/td>\n<td width=\"43%\">logistyk, spedytor mi\u0119dzynarodowy<\/td>\n<td width=\"10%\">III LO<\/td>\n<\/tr>\n<tr>\n<td width=\"45%\">\u017b\u0142obek Miejski Karlino<\/td>\n<td width=\"43%\">opiekunka<\/td>\n<td width=\"10%\">II LO<\/td>\n<\/tr>\n<\/tbody>\n<\/table>\n<p><img loading=\"lazy\" decoding=\"async\" class=\"alignnone size-medium wp-image-10076\" src=\"http:\/\/zskarlino.pl\/wp-content\/uploads\/2018\/05\/Dyplom-Andrzeja-Dudy-212x300.png\" alt=\"Dyplom Andrzeja Dudy\" width=\"212\" height=\"300\" srcset=\"https:\/\/zskarlino.pl\/wp-content\/uploads\/2018\/05\/Dyplom-Andrzeja-Dudy-212x300.png 212w, https:\/\/zskarlino.pl\/wp-content\/uploads\/2018\/05\/Dyplom-Andrzeja-Dudy.png 423w\" sizes=\"auto, (max-width: 212px) 100vw, 212px\" \/><\/p>\n","protected":false},"excerpt":{"rendered":"<p>21 marca 2018 roku odby\u0142a si\u0119 XV edycja og\u00f3lnopolskiego programu Fundacji M\u0142odzie\u017cowej Przedsi\u0119biorczo\u015bci \u201eDzie\u0144 Przedsi\u0119biorczo\u015bci\u201d. Ta inicjatywa wielokrotnie nagradzana by\u0142a w konkursach i uznana za Najlepsz\u0105 Inicjatyw\u0119 Obywatelsk\u0105 Pro Publico Bono w kategorii Inicjatywy Edukacyjne, st\u0105d te\u017c od wielu lat obj\u0119ta jest honorowym patronatem Prezydenta Rzeczypospolitej Polskiej \u00a0Intencj\u0105 projektu jest promowanie postaw przedsi\u0119biorczych w\u015br\u00f3d m\u0142odzie\u017cy &hellip; <\/p>\n<p><a class=\"more-link btn\" href=\"https:\/\/zskarlino.pl\/?p=10074\">Czytaj dalej<\/a><\/p>\n","protected":false},"author":8,"featured_media":0,"comment_status":"closed","ping_status":"closed","sticky":false,"template":"","format":"standard","meta":{"footnotes":""},"categories":[3],"tags":[],"class_list":["post-10074","post","type-post","status-publish","format-standard","hentry","category-wydarzenia","item-wrap"],"_links":{"self":[{"href":"https:\/\/zskarlino.pl\/index.php?rest_route=\/wp\/v2\/posts\/10074","targetHints":{"allow":["GET"]}}],"collection":[{"href":"https:\/\/zskarlino.pl\/index.php?rest_route=\/wp\/v2\/posts"}],"about":[{"href":"https:\/\/zskarlino.pl\/index.php?rest_route=\/wp\/v2\/types\/post"}],"author":[{"embeddable":true,"href":"https:\/\/zskarlino.pl\/index.php?rest_route=\/wp\/v2\/users\/8"}],"replies":[{"embeddable":true,"href":"https:\/\/zskarlino.pl\/index.php?rest_route=%2Fwp%2Fv2%2Fcomments&post=10074"}],"version-history":[{"count":7,"href":"https:\/\/zskarlino.pl\/index.php?rest_route=\/wp\/v2\/posts\/10074\/revisions"}],"predecessor-version":[{"id":10213,"href":"https:\/\/zskarlino.pl\/index.php?rest_route=\/wp\/v2\/posts\/10074\/revisions\/10213"}],"wp:attachment":[{"href":"https:\/\/zskarlino.pl\/index.php?rest_route=%2Fwp%2Fv2%2Fmedia&parent=10074"}],"wp:term":[{"taxonomy":"category","embeddable":true,"href":"https:\/\/zskarlino.pl\/index.php?rest_route=%2Fwp%2Fv2%2Fcategories&post=10074"},{"taxonomy":"post_tag","embeddable":true,"href":"https:\/\/zskarlino.pl\/index.php?rest_route=%2Fwp%2Fv2%2Ftags&post=10074"}],"curies":[{"name":"wp","href":"https:\/\/api.w.org\/{rel}","templated":true}]}}