{"id":10061,"date":"2018-04-26T18:03:36","date_gmt":"2018-04-26T16:03:36","guid":{"rendered":"http:\/\/zskarlino.pl\/?p=10061"},"modified":"2018-05-29T20:11:30","modified_gmt":"2018-05-29T18:11:30","slug":"wizyta-przedstawicieli-z-gkc","status":"publish","type":"post","link":"https:\/\/zskarlino.pl\/?p=10061","title":{"rendered":"Wizyta przedstawicieli z GKC"},"content":{"rendered":"<p style=\"text-align: justify;\">Jak co roku w kwietniu odby\u0142o si\u0119 spotkanie z przedstawicielami partnerskiej szko\u0142y z Gnosjo w Szwecji. W dniach 24 \u2013 26 kwietnia go\u015bcili\u015bmy delegacj\u0119 w sk\u0142adzie: dyrektor pionu szko\u0142y dla doros\u0142ych Gnosjoandans Kunskapscentrum \u2013 Pan Sven-Ake Falkeby, nauczycielka j\u0119zyka szwedzkiego \u2013 Pani Dorota Westlund oraz nauczyciel przedmiot\u00f3w IT oraz nauk spo\u0142ecznych, a jednocze\u015bnie doktorant Uniwersytetu w Jonkoping \u2013 Pan Lars Almen. Nasza szko\u0142a wsp\u00f3\u0142pracuje ze szwedzk\u0105 instytucj\u0105 na wielu p\u0142aszczyznach. Tegoroczne spotkanie mia\u0142o na celu wymian\u0119 do\u015bwiadcze\u0144 w zakresie kszta\u0142cenia os\u00f3b doros\u0142ych w duchu nauki przez ca\u0142e \u017cycie. Wymiana obejmowa\u0142a spotkania z edukatorami i dyskusje panelowe w Centrum Edukacji Nauczycieli w Koszalinie oraz na Politechnice Koszali\u0144skiej. Go\u015bcie ze Szwecji zapoznali si\u0119 z polityk\u0105 o\u015bwiatow\u0105 naszego pa\u0144stwa w zakresie cyfryzacji w edukacji. Spotkanie z w\u0142adzami CENu w osobach pana Dyrektora Stefana Turowskiego oraz jego zast\u0119pcy, Pana Zenona Decyka przybli\u017cy\u0142o specyfik\u0119 dzia\u0142alno\u015bci koszali\u0144skiej plac\u00f3wki w zakresie wspierania nauczycieli z ca\u0142ego regionu w obliczu dynamicznych zmian w edukacji. Dodatkowo, Pan Marek Suckiel zapozna\u0142 nas z nowoczesnymi narz\u0119dziami multimedialnymi wspieraj\u0105cymi proces wdra\u017cania programowania w polskich szko\u0142ach ju\u017c od najwcze\u015bniejszych etap\u00f3w edukacyjnych. Dzi\u0119ki spotkaniu z pracownikami naukowymi Wydzia\u0142u Technologii i Edukacji Politechniki Koszali\u0144skiej oraz wyk\u0142adowi na temat systemu edukacji w Szwecji, zagadnienia modelu szwedzkiego i polityka szerokorozumianej cyfryzacji zosta\u0142y przybli\u017cone r\u00f3wnie\u017c studentom pedagogiki Politechniki Koszali\u0144skiej.<\/p>\n<p style=\"text-align: justify;\">Uczestniczenie w takich spotkaniach jest niezwykle wa\u017cne, gdy\u017c dzi\u0119ki temu mamy szans\u0119 dzieli\u0107 si\u0119 dobrymi praktykami, aby jak najskuteczniej spe\u0142nia\u0107 swoj\u0105 misj\u0119. Go\u015bcie z GKC od wielu lat s\u0105 gor\u0105cymi or\u0119downikami wsp\u00f3\u0142pracy pomi\u0119dzy naszymi plac\u00f3wkami i podkre\u015blaj\u0105 korzy\u015bci p\u0142yn\u0105ce z niej dla obu stron. Z uwag\u0105 \u015bledz\u0105 zmiany w strukturze Zespole Szk\u00f3\u0142 i kibicuj\u0105 naszemu poszukiwaniu atrakcyjnych dla m\u0142odzie\u017cy kierunk\u00f3w kszta\u0142cenia. Byli pod wielkim wra\u017ceniem powstaj\u0105cego w budynku ZS internatu oraz zmianom zachodz\u0105cym w mie\u015bcie.<\/p>\n<p style=\"text-align: justify;\">Bardzo dzi\u0119kujemy za otwarto\u015b\u0107 i ch\u0119\u0107 dzielenia si\u0119 swoim do\u015bwiadczeniem w\u0142adzom Politechniki oraz Centrum Edukacji Nauczycieli w Koszalinie, z kt\u00f3rymi wsp\u00f3\u0142praca od wielu lat jest niezwykle owocna. Szczeg\u00f3lne podzi\u0119kowania nale\u017c\u0105 si\u0119 Prodziekan Wydzia\u0142u Technologii i Edukacji Politechniki Koszali\u0144skiej, Pani dr Agnieszce H\u0142obi\u0142 oraz Kierownikowi Pracowni Humanistycznej Centrum Edukacji Nauczycieli w Koszalinie, Pani Annie Walkowiak za bezcenn\u0105 pomoc w organizacji i uatrakcyjnieniu tych cyklicznych spotka\u0144 z naszymi szwedzkimi partnerami.<\/p>\n<p style=\"text-align: right;\"><em>Justyna Syga<\/em><\/p>\n<p style=\"text-align: right;\"><a href=\"http:\/\/zskarlino.pl\/wp-content\/uploads\/2018\/05\/IMG_5283.jpg\" rel=\"lightbox[10061]\"><img loading=\"lazy\" decoding=\"async\" class=\"alignnone size-medium wp-image-10059\" src=\"http:\/\/zskarlino.pl\/wp-content\/uploads\/2018\/05\/IMG_5283-300x225.jpg\" alt=\"IMG_5283\" width=\"300\" height=\"225\" srcset=\"https:\/\/zskarlino.pl\/wp-content\/uploads\/2018\/05\/IMG_5283-300x225.jpg 300w, https:\/\/zskarlino.pl\/wp-content\/uploads\/2018\/05\/IMG_5283-1024x768.jpg 1024w\" sizes=\"auto, (max-width: 300px) 100vw, 300px\" \/><\/a><a href=\"http:\/\/zskarlino.pl\/wp-content\/uploads\/2018\/05\/IMG_5254.jpg\" rel=\"lightbox[10061]\"><img loading=\"lazy\" decoding=\"async\" class=\"alignnone size-medium wp-image-10051\" src=\"http:\/\/zskarlino.pl\/wp-content\/uploads\/2018\/05\/IMG_5254-300x225.jpg\" alt=\"IMG_5254\" width=\"300\" height=\"225\" srcset=\"https:\/\/zskarlino.pl\/wp-content\/uploads\/2018\/05\/IMG_5254-300x225.jpg 300w, https:\/\/zskarlino.pl\/wp-content\/uploads\/2018\/05\/IMG_5254-1024x768.jpg 1024w\" sizes=\"auto, (max-width: 300px) 100vw, 300px\" \/><\/a><a href=\"http:\/\/zskarlino.pl\/wp-content\/uploads\/2018\/05\/IMG_5257.jpg\" rel=\"lightbox[10061]\"><img loading=\"lazy\" decoding=\"async\" class=\"alignnone size-medium wp-image-10052\" src=\"http:\/\/zskarlino.pl\/wp-content\/uploads\/2018\/05\/IMG_5257-300x225.jpg\" alt=\"IMG_5257\" width=\"300\" height=\"225\" srcset=\"https:\/\/zskarlino.pl\/wp-content\/uploads\/2018\/05\/IMG_5257-300x225.jpg 300w, https:\/\/zskarlino.pl\/wp-content\/uploads\/2018\/05\/IMG_5257-1024x768.jpg 1024w\" sizes=\"auto, (max-width: 300px) 100vw, 300px\" \/><\/a><a href=\"http:\/\/zskarlino.pl\/wp-content\/uploads\/2018\/05\/IMG_5259.jpg\" rel=\"lightbox[10061]\"><img loading=\"lazy\" decoding=\"async\" class=\"alignnone size-medium wp-image-10053\" src=\"http:\/\/zskarlino.pl\/wp-content\/uploads\/2018\/05\/IMG_5259-300x225.jpg\" alt=\"IMG_5259\" width=\"300\" height=\"225\" srcset=\"https:\/\/zskarlino.pl\/wp-content\/uploads\/2018\/05\/IMG_5259-300x225.jpg 300w, https:\/\/zskarlino.pl\/wp-content\/uploads\/2018\/05\/IMG_5259-1024x768.jpg 1024w\" sizes=\"auto, (max-width: 300px) 100vw, 300px\" \/><\/a><a href=\"http:\/\/zskarlino.pl\/wp-content\/uploads\/2018\/05\/IMG_5266.jpg\" rel=\"lightbox[10061]\"><img loading=\"lazy\" decoding=\"async\" class=\"alignnone size-medium wp-image-10054\" src=\"http:\/\/zskarlino.pl\/wp-content\/uploads\/2018\/05\/IMG_5266-300x225.jpg\" alt=\"IMG_5266\" width=\"300\" height=\"225\" srcset=\"https:\/\/zskarlino.pl\/wp-content\/uploads\/2018\/05\/IMG_5266-300x225.jpg 300w, https:\/\/zskarlino.pl\/wp-content\/uploads\/2018\/05\/IMG_5266-1024x768.jpg 1024w\" sizes=\"auto, (max-width: 300px) 100vw, 300px\" \/><\/a><a href=\"http:\/\/zskarlino.pl\/wp-content\/uploads\/2018\/05\/IMG_5277.jpg\" rel=\"lightbox[10061]\"><img loading=\"lazy\" decoding=\"async\" class=\"alignnone size-medium wp-image-10057\" src=\"http:\/\/zskarlino.pl\/wp-content\/uploads\/2018\/05\/IMG_5277-300x225.jpg\" alt=\"IMG_5277\" width=\"300\" height=\"225\" srcset=\"https:\/\/zskarlino.pl\/wp-content\/uploads\/2018\/05\/IMG_5277-300x225.jpg 300w, https:\/\/zskarlino.pl\/wp-content\/uploads\/2018\/05\/IMG_5277-1024x768.jpg 1024w\" sizes=\"auto, (max-width: 300px) 100vw, 300px\" \/><\/a><a href=\"http:\/\/zskarlino.pl\/wp-content\/uploads\/2018\/05\/IMG_5278.jpg\" rel=\"lightbox[10061]\"><img loading=\"lazy\" decoding=\"async\" class=\"alignnone size-medium wp-image-10058\" src=\"http:\/\/zskarlino.pl\/wp-content\/uploads\/2018\/05\/IMG_5278-300x225.jpg\" alt=\"IMG_5278\" width=\"300\" height=\"225\" srcset=\"https:\/\/zskarlino.pl\/wp-content\/uploads\/2018\/05\/IMG_5278-300x225.jpg 300w, https:\/\/zskarlino.pl\/wp-content\/uploads\/2018\/05\/IMG_5278-1024x768.jpg 1024w\" sizes=\"auto, (max-width: 300px) 100vw, 300px\" \/><\/a><a href=\"http:\/\/zskarlino.pl\/wp-content\/uploads\/2018\/05\/IMG_5286.jpg\" rel=\"lightbox[10061]\"><img loading=\"lazy\" decoding=\"async\" class=\"alignnone size-medium wp-image-10060\" src=\"http:\/\/zskarlino.pl\/wp-content\/uploads\/2018\/05\/IMG_5286-300x225.jpg\" alt=\"IMG_5286\" width=\"300\" height=\"225\" srcset=\"https:\/\/zskarlino.pl\/wp-content\/uploads\/2018\/05\/IMG_5286-300x225.jpg 300w, https:\/\/zskarlino.pl\/wp-content\/uploads\/2018\/05\/IMG_5286-1024x768.jpg 1024w\" sizes=\"auto, (max-width: 300px) 100vw, 300px\" \/><\/a><\/p>\n","protected":false},"excerpt":{"rendered":"<p>Jak co roku w kwietniu odby\u0142o si\u0119 spotkanie z przedstawicielami partnerskiej szko\u0142y z Gnosjo w Szwecji. W dniach 24 \u2013 26 kwietnia go\u015bcili\u015bmy delegacj\u0119 w sk\u0142adzie: dyrektor pionu szko\u0142y dla doros\u0142ych Gnosjoandans Kunskapscentrum \u2013 Pan Sven-Ake Falkeby, nauczycielka j\u0119zyka szwedzkiego \u2013 Pani Dorota Westlund oraz nauczyciel przedmiot\u00f3w IT oraz nauk spo\u0142ecznych, a jednocze\u015bnie doktorant Uniwersytetu &hellip; <\/p>\n<p><a class=\"more-link btn\" href=\"https:\/\/zskarlino.pl\/?p=10061\">Czytaj dalej<\/a><\/p>\n","protected":false},"author":8,"featured_media":0,"comment_status":"closed","ping_status":"closed","sticky":false,"template":"","format":"standard","meta":{"footnotes":""},"categories":[3],"tags":[],"class_list":["post-10061","post","type-post","status-publish","format-standard","hentry","category-wydarzenia","item-wrap"],"_links":{"self":[{"href":"https:\/\/zskarlino.pl\/index.php?rest_route=\/wp\/v2\/posts\/10061","targetHints":{"allow":["GET"]}}],"collection":[{"href":"https:\/\/zskarlino.pl\/index.php?rest_route=\/wp\/v2\/posts"}],"about":[{"href":"https:\/\/zskarlino.pl\/index.php?rest_route=\/wp\/v2\/types\/post"}],"author":[{"embeddable":true,"href":"https:\/\/zskarlino.pl\/index.php?rest_route=\/wp\/v2\/users\/8"}],"replies":[{"embeddable":true,"href":"https:\/\/zskarlino.pl\/index.php?rest_route=%2Fwp%2Fv2%2Fcomments&post=10061"}],"version-history":[{"count":3,"href":"https:\/\/zskarlino.pl\/index.php?rest_route=\/wp\/v2\/posts\/10061\/revisions"}],"predecessor-version":[{"id":10230,"href":"https:\/\/zskarlino.pl\/index.php?rest_route=\/wp\/v2\/posts\/10061\/revisions\/10230"}],"wp:attachment":[{"href":"https:\/\/zskarlino.pl\/index.php?rest_route=%2Fwp%2Fv2%2Fmedia&parent=10061"}],"wp:term":[{"taxonomy":"category","embeddable":true,"href":"https:\/\/zskarlino.pl\/index.php?rest_route=%2Fwp%2Fv2%2Fcategories&post=10061"},{"taxonomy":"post_tag","embeddable":true,"href":"https:\/\/zskarlino.pl\/index.php?rest_route=%2Fwp%2Fv2%2Ftags&post=10061"}],"curies":[{"name":"wp","href":"https:\/\/api.w.org\/{rel}","templated":true}]}}