{"id":10022,"date":"2018-04-30T12:17:30","date_gmt":"2018-04-30T10:17:30","guid":{"rendered":"http:\/\/zskarlino.pl\/?p=10022"},"modified":"2018-04-30T12:17:30","modified_gmt":"2018-04-30T10:17:30","slug":"dzien-otwarty-w-zespole-szkol-2","status":"publish","type":"post","link":"https:\/\/zskarlino.pl\/?p=10022","title":{"rendered":"Dzie\u0144 Otwarty w Zespole Szk\u00f3\u0142"},"content":{"rendered":"<p style=\"text-align: justify;\">27 kwietnia odby\u0142 si\u0119 Dzie\u0144 Otwarty w naszej szkole. Z naszego zaproszenia skorzysta\u0142o wiele szk\u00f3\u0142 z regionu. Szczeg\u00f3lnie dzi\u0119kujemy dyrektorom i opiekunom gimnazjalist\u00f3w z Biesiekierza, Dobrowa, Siemy\u015bla, Stanomina i Wrzosowa za umo\u017cliwienie przybycia do naszej szko\u0142y i zapoznania si\u0119 z jej ofert\u0105. Podczas pobytu p. Dyrektor zapozna\u0142 z mo\u017cliwo\u015bciami dalszego kszta\u0142cenia w ramach Zespo\u0142u Szk\u00f3\u0142, przybli\u017cy\u0142 specyfik\u0119 nauki w Bran\u017cowej Szkole I stopnia oraz zach\u0119ci\u0142 do odwiedzenia stanowiska przygotowanego przez uczni\u00f3w kszta\u0142c\u0105cych si\u0119 w zawodzie technik mechatronik w ramach naszego Technikum. \u00a0Uczniowie z I klasy TM ch\u0119tnie dzieli si\u0119 swoj\u0105 wiedz\u0105 na temat zgromadzonych pomocy naukowych.<\/p>\n<p style=\"text-align: justify;\">Do przygotowania Dnia Otwartego Zespo\u0142u Szk\u00f3\u0142 w Karlinie w\u0142\u0105czy\u0142 si\u0119 r\u00f3wnie\u017c jeden z wiod\u0105cych pracodawc\u00f3w w regionie \u2013 firma Homanit Polska, w kt\u00f3rym znaczna cz\u0119\u015b\u0107 naszych uczni\u00f3w Bran\u017cowej Szko\u0142y I stopnia odbywa praktyki. Szacujemy, \u017ce podczas ca\u0142ego dnia otwartego przesz\u0142o 185 os\u00f3b odwiedzi\u0142o to przedsi\u0119biorstwo.<\/p>\n<p style=\"text-align: justify;\">Dodatkow\u0105 atrakcj\u0105 Dnia Otwartego by\u0142a wizyta w nowoczesnej hali sportowej Homanit Arena, w kt\u00f3rej odbywa\u0142y si\u0119 walki p\u00f3\u0142fina\u0142owe odbywaj\u0105cychsi\u0119 Mistrzostw Polski Senior\u00f3w w Boksie Olimpijskim. Wszyscy przybyli uczniowie brali udzia\u0142 w losowaniu cennych nagr\u00f3d, w tym wej\u015bci\u00f3wek na sobotnie fina\u0142y wspomnianych mistrzostw. Bardzo dzi\u0119kujemy pani prezes Regionalnego Centrum Turystyki i Sportu &#8211; Emilii Filipowicz oraz pani kierownik Referatowi Promocji i Rozwoju Gospodarczego &#8211; Magdalenie Jaworskiej-Du\u017cy\u0144skiej za w\u0142\u0105czenie si\u0119 w promocj\u0119 naszej szko\u0142y i umo\u017cliwienie uatrakcyjnienia pobytu.<\/p>\n<p><strong>Ju\u017c w maju zapraszamy na kolejny Dzie\u0144 Otwarty Zespo\u0142u Szk\u00f3\u0142, podczas kt\u00f3rego b\u0119dzie r\u00f3wnie\u017c wiele atrakcji. Wkr\u00f3tce wi\u0119cej szczeg\u00f3\u0142\u00f3w!<\/strong><\/p>\n<p style=\"text-align: right;\">js<\/p>\n<p style=\"text-align: right;\">\n<p style=\"text-align: justify;\"><a href=\"http:\/\/zskarlino.pl\/wp-content\/uploads\/2018\/04\/IMG_52931.jpg\" rel=\"lightbox[10022]\"><img loading=\"lazy\" decoding=\"async\" class=\"alignnone  wp-image-10023\" src=\"http:\/\/zskarlino.pl\/wp-content\/uploads\/2018\/04\/IMG_52931-300x225.jpg\" alt=\"IMG_5293[1]\" width=\"298\" height=\"223\" srcset=\"https:\/\/zskarlino.pl\/wp-content\/uploads\/2018\/04\/IMG_52931-300x225.jpg 300w, https:\/\/zskarlino.pl\/wp-content\/uploads\/2018\/04\/IMG_52931-1024x768.jpg 1024w\" sizes=\"auto, (max-width: 298px) 100vw, 298px\" \/><\/a>\u00a0<a href=\"http:\/\/zskarlino.pl\/wp-content\/uploads\/2018\/04\/IMG_52941.jpg\" rel=\"lightbox[10022]\"><img loading=\"lazy\" decoding=\"async\" class=\"alignnone  wp-image-10024\" src=\"http:\/\/zskarlino.pl\/wp-content\/uploads\/2018\/04\/IMG_52941-300x225.jpg\" alt=\"IMG_5294[1]\" width=\"302\" height=\"227\" srcset=\"https:\/\/zskarlino.pl\/wp-content\/uploads\/2018\/04\/IMG_52941-300x225.jpg 300w, https:\/\/zskarlino.pl\/wp-content\/uploads\/2018\/04\/IMG_52941-1024x768.jpg 1024w\" sizes=\"auto, (max-width: 302px) 100vw, 302px\" \/><\/a>\u00a0<a href=\"http:\/\/zskarlino.pl\/wp-content\/uploads\/2018\/04\/IMG_52961.jpg\" rel=\"lightbox[10022]\"><img loading=\"lazy\" decoding=\"async\" class=\"alignnone  wp-image-10025\" src=\"http:\/\/zskarlino.pl\/wp-content\/uploads\/2018\/04\/IMG_52961-300x225.jpg\" alt=\"IMG_5296[1]\" width=\"301\" height=\"226\" srcset=\"https:\/\/zskarlino.pl\/wp-content\/uploads\/2018\/04\/IMG_52961-300x225.jpg 300w, https:\/\/zskarlino.pl\/wp-content\/uploads\/2018\/04\/IMG_52961-1024x768.jpg 1024w\" sizes=\"auto, (max-width: 301px) 100vw, 301px\" \/><\/a>\u00a0<a href=\"http:\/\/zskarlino.pl\/wp-content\/uploads\/2018\/04\/IMG_52971.jpg\" rel=\"lightbox[10022]\"><img loading=\"lazy\" decoding=\"async\" class=\"alignnone  wp-image-10026\" src=\"http:\/\/zskarlino.pl\/wp-content\/uploads\/2018\/04\/IMG_52971-300x225.jpg\" alt=\"IMG_5297[1]\" width=\"300\" height=\"225\" srcset=\"https:\/\/zskarlino.pl\/wp-content\/uploads\/2018\/04\/IMG_52971-300x225.jpg 300w, https:\/\/zskarlino.pl\/wp-content\/uploads\/2018\/04\/IMG_52971-1024x768.jpg 1024w\" sizes=\"auto, (max-width: 300px) 100vw, 300px\" \/><\/a>\u00a0<a href=\"http:\/\/zskarlino.pl\/wp-content\/uploads\/2018\/04\/IMG_53011.jpg\" rel=\"lightbox[10022]\"><img loading=\"lazy\" decoding=\"async\" class=\"alignnone  wp-image-10027\" src=\"http:\/\/zskarlino.pl\/wp-content\/uploads\/2018\/04\/IMG_53011-300x225.jpg\" alt=\"IMG_5301[1]\" width=\"300\" height=\"225\" srcset=\"https:\/\/zskarlino.pl\/wp-content\/uploads\/2018\/04\/IMG_53011-300x225.jpg 300w, https:\/\/zskarlino.pl\/wp-content\/uploads\/2018\/04\/IMG_53011-1024x768.jpg 1024w\" sizes=\"auto, (max-width: 300px) 100vw, 300px\" \/><\/a>\u00a0<a href=\"http:\/\/zskarlino.pl\/wp-content\/uploads\/2018\/04\/IMG_53121.jpg\" rel=\"lightbox[10022]\"><img loading=\"lazy\" decoding=\"async\" class=\"alignnone  wp-image-10029\" src=\"http:\/\/zskarlino.pl\/wp-content\/uploads\/2018\/04\/IMG_53121-300x225.jpg\" alt=\"IMG_5312[1]\" width=\"299\" height=\"224\" srcset=\"https:\/\/zskarlino.pl\/wp-content\/uploads\/2018\/04\/IMG_53121-300x225.jpg 300w, https:\/\/zskarlino.pl\/wp-content\/uploads\/2018\/04\/IMG_53121-1024x768.jpg 1024w\" sizes=\"auto, (max-width: 299px) 100vw, 299px\" \/><\/a>\u00a0<a href=\"http:\/\/zskarlino.pl\/wp-content\/uploads\/2018\/04\/IMG_53111.jpg\" rel=\"lightbox[10022]\"><img loading=\"lazy\" decoding=\"async\" class=\"alignnone  wp-image-10030\" src=\"http:\/\/zskarlino.pl\/wp-content\/uploads\/2018\/04\/IMG_53111-300x225.jpg\" alt=\"IMG_5311[1]\" width=\"298\" height=\"223\" srcset=\"https:\/\/zskarlino.pl\/wp-content\/uploads\/2018\/04\/IMG_53111-300x225.jpg 300w, https:\/\/zskarlino.pl\/wp-content\/uploads\/2018\/04\/IMG_53111-1024x768.jpg 1024w\" sizes=\"auto, (max-width: 298px) 100vw, 298px\" \/><\/a>\u00a0\u00a0<a href=\"http:\/\/zskarlino.pl\/wp-content\/uploads\/2018\/04\/IMG_53151.jpg\" rel=\"lightbox[10022]\"><img loading=\"lazy\" decoding=\"async\" class=\"alignnone  wp-image-10031\" src=\"http:\/\/zskarlino.pl\/wp-content\/uploads\/2018\/04\/IMG_53151-300x225.jpg\" alt=\"IMG_5315[1]\" width=\"299\" height=\"224\" srcset=\"https:\/\/zskarlino.pl\/wp-content\/uploads\/2018\/04\/IMG_53151-300x225.jpg 300w, https:\/\/zskarlino.pl\/wp-content\/uploads\/2018\/04\/IMG_53151-1024x768.jpg 1024w\" sizes=\"auto, (max-width: 299px) 100vw, 299px\" \/><\/a><\/p>\n","protected":false},"excerpt":{"rendered":"<p>27 kwietnia odby\u0142 si\u0119 Dzie\u0144 Otwarty w naszej szkole. Z naszego zaproszenia skorzysta\u0142o wiele szk\u00f3\u0142 z regionu. Szczeg\u00f3lnie dzi\u0119kujemy dyrektorom i opiekunom gimnazjalist\u00f3w z Biesiekierza, Dobrowa, Siemy\u015bla, Stanomina i Wrzosowa za umo\u017cliwienie przybycia do naszej szko\u0142y i zapoznania si\u0119 z jej ofert\u0105. Podczas pobytu p. Dyrektor zapozna\u0142 z mo\u017cliwo\u015bciami dalszego kszta\u0142cenia w ramach Zespo\u0142u Szk\u00f3\u0142, &hellip; <\/p>\n<p><a class=\"more-link btn\" href=\"https:\/\/zskarlino.pl\/?p=10022\">Czytaj dalej<\/a><\/p>\n","protected":false},"author":8,"featured_media":0,"comment_status":"closed","ping_status":"closed","sticky":false,"template":"","format":"standard","meta":{"footnotes":""},"categories":[3],"tags":[],"class_list":["post-10022","post","type-post","status-publish","format-standard","hentry","category-wydarzenia","item-wrap"],"_links":{"self":[{"href":"https:\/\/zskarlino.pl\/index.php?rest_route=\/wp\/v2\/posts\/10022","targetHints":{"allow":["GET"]}}],"collection":[{"href":"https:\/\/zskarlino.pl\/index.php?rest_route=\/wp\/v2\/posts"}],"about":[{"href":"https:\/\/zskarlino.pl\/index.php?rest_route=\/wp\/v2\/types\/post"}],"author":[{"embeddable":true,"href":"https:\/\/zskarlino.pl\/index.php?rest_route=\/wp\/v2\/users\/8"}],"replies":[{"embeddable":true,"href":"https:\/\/zskarlino.pl\/index.php?rest_route=%2Fwp%2Fv2%2Fcomments&post=10022"}],"version-history":[{"count":9,"href":"https:\/\/zskarlino.pl\/index.php?rest_route=\/wp\/v2\/posts\/10022\/revisions"}],"predecessor-version":[{"id":10064,"href":"https:\/\/zskarlino.pl\/index.php?rest_route=\/wp\/v2\/posts\/10022\/revisions\/10064"}],"wp:attachment":[{"href":"https:\/\/zskarlino.pl\/index.php?rest_route=%2Fwp%2Fv2%2Fmedia&parent=10022"}],"wp:term":[{"taxonomy":"category","embeddable":true,"href":"https:\/\/zskarlino.pl\/index.php?rest_route=%2Fwp%2Fv2%2Fcategories&post=10022"},{"taxonomy":"post_tag","embeddable":true,"href":"https:\/\/zskarlino.pl\/index.php?rest_route=%2Fwp%2Fv2%2Ftags&post=10022"}],"curies":[{"name":"wp","href":"https:\/\/api.w.org\/{rel}","templated":true}]}}